{"id":18298,"date":"2021-09-11T16:01:02","date_gmt":"2021-09-11T21:01:02","guid":{"rendered":"https:\/\/encuentroinformativo.com.mx\/?p=18298"},"modified":"2021-09-11T16:01:05","modified_gmt":"2021-09-11T21:01:05","slug":"con-rodada-promueven-uso-de-bicicletas","status":"publish","type":"post","link":"https:\/\/encuentroinformativo.com.mx\/?p=18298","title":{"rendered":"Con rodada, promueven uso de bicicletas"},"content":{"rendered":"\n<p><strong>Dar\u00edo Pale<\/strong><\/p>\n\n\n\n<p>Xalapa, Ver.- Marijose Zendejas encargada de la rodada que se realiz\u00f3 este s\u00e1bado con motivo del S\u00e9ptimo aniversario de Colectivas Urban Bikes en Xalapa, en el que participaron al menos cuatro colectivos, con sus familia.<\/p>\n\n\n\n<p>Entrevistada previo al arranque de la rodada, dio a conocer que su colectivo tiene el objetivo de lograr impulsar el uso de la bicicleta como medio de transporte entre las mujeres y de manera general en la ciudad.<\/p>\n\n\n\n<p>\u201cImpulsamos el uso de la bicicleta no solo en mujeres, sino tambi\u00e9n entre la ciudadan\u00eda en general para mejorar la vialidad con esta forma de transportarnos en la ciudad\u201d, coment\u00f3.<\/p>\n\n\n\n<p>La ruta que dio a conocer es sobre la ciclov\u00eda, consisti\u00f3 en salir de la ciclov\u00eda en la avenida Adolfo Ruiz Cortines, pasar por Los Sauces, Venustiano Carranza y Los Lagos, en un ejercicio que se pens\u00f3 como familiar.<\/p>\n\n\n\n<p>Se\u00f1al\u00f3 que esta rodada fue especial porque a partir de que inici\u00f3 la pandemia generada por el covid-19 fueron suspendidas las rodadas, pero en esta ocasi\u00f3n lo hicieron para festejar su aniversario.<\/p>\n\n\n\n<p>Finalmente cabe se\u00f1alar que como parte de las actividades, dijo que adem\u00e1s lanzar\u00e1n una revista digital para celebrar su s\u00e9ptimo aniversario.<\/p>\n","protected":false},"excerpt":{"rendered":"<p>Dar\u00edo Pale Xalapa, Ver.- Marijose Zendejas encargada de la rodada que se realiz\u00f3 este s\u00e1bado con motivo del S\u00e9ptimo aniversario de Colectivas Urban Bikes en Xalapa, en el que participaron al menos cuatro colectivos, con sus familia. Entrevistada previo al arranque de la rodada, dio a conocer que su colectivo tiene el objetivo de lograr [&hellip;]<\/p>\n","protected":false},"author":1,"featured_media":18299,"comment_status":"open","ping_status":"open","sticky":false,"template":"","format":"standard","meta":{"_jetpack_memberships_contains_paid_content":false,"footnotes":""},"categories":[3],"tags":[],"class_list":["post-18298","post","type-post","status-publish","format-standard","has-post-thumbnail","hentry","category-xalapa"],"jetpack_featured_media_url":"https:\/\/encuentroinformativo.com.mx\/wp-content\/uploads\/2021\/09\/2F7B878F-200F-4E25-9FB7-87E886D577AF.jpeg","jetpack_sharing_enabled":true,"jetpack_likes_enabled":true,"amp_enabled":true,"_links":{"self":[{"href":"https:\/\/encuentroinformativo.com.mx\/index.php?rest_route=\/wp\/v2\/posts\/18298","targetHints":{"allow":["GET"]}}],"collection":[{"href":"https:\/\/encuentroinformativo.com.mx\/index.php?rest_route=\/wp\/v2\/posts"}],"about":[{"href":"https:\/\/encuentroinformativo.com.mx\/index.php?rest_route=\/wp\/v2\/types\/post"}],"author":[{"embeddable":true,"href":"https:\/\/encuentroinformativo.com.mx\/index.php?rest_route=\/wp\/v2\/users\/1"}],"replies":[{"embeddable":true,"href":"https:\/\/encuentroinformativo.com.mx\/index.php?rest_route=%2Fwp%2Fv2%2Fcomments&post=18298"}],"version-history":[{"count":1,"href":"https:\/\/encuentroinformativo.com.mx\/index.php?rest_route=\/wp\/v2\/posts\/18298\/revisions"}],"predecessor-version":[{"id":18300,"href":"https:\/\/encuentroinformativo.com.mx\/index.php?rest_route=\/wp\/v2\/posts\/18298\/revisions\/18300"}],"wp:featuredmedia":[{"embeddable":true,"href":"https:\/\/encuentroinformativo.com.mx\/index.php?rest_route=\/wp\/v2\/media\/18299"}],"wp:attachment":[{"href":"https:\/\/encuentroinformativo.com.mx\/index.php?rest_route=%2Fwp%2Fv2%2Fmedia&parent=18298"}],"wp:term":[{"taxonomy":"category","embeddable":true,"href":"https:\/\/encuentroinformativo.com.mx\/index.php?rest_route=%2Fwp%2Fv2%2Fcategories&post=18298"},{"taxonomy":"post_tag","embeddable":true,"href":"https:\/\/encuentroinformativo.com.mx\/index.php?rest_route=%2Fwp%2Fv2%2Ftags&post=18298"}],"curies":[{"name":"wp","href":"https:\/\/api.w.org\/{rel}","templated":true}]}}