{"id":18308,"date":"2021-09-12T14:32:47","date_gmt":"2021-09-12T19:32:47","guid":{"rendered":"https:\/\/encuentroinformativo.com.mx\/?p=18308"},"modified":"2021-09-12T14:32:51","modified_gmt":"2021-09-12T19:32:51","slug":"siguen-desapariciones-en-la-region-de-xalapa","status":"publish","type":"post","link":"https:\/\/encuentroinformativo.com.mx\/?p=18308","title":{"rendered":"Siguen desapariciones en la regi\u00f3n de Xalapa"},"content":{"rendered":"\n<p><strong>Juan Arcos<\/strong><\/p>\n\n\n\n<p>Xalapa, Ver.- Del d\u00eda 4 al 7 de este mes patrio, se report\u00f3 la desaparici\u00f3n de cinco personas en la regi\u00f3n de la capital del estado de Veracruz.<\/p>\n\n\n\n<p>De acuerdo con informaci\u00f3n de la Comisi\u00f3n Estatal de B\u00fasqueda de Veracruz, se trata de un hombre, una mujer y tres menores que son hermanos, seg\u00fan sus apellidos.<\/p>\n\n\n\n<p>Edith Margarita M\u00fajica Morales, de 25 a\u00f1os, desapareci\u00f3 el pasado lunes 6 de septiembre en la ciudad de Xalapa. Incluso, sus vecinos de la colonia Rafael Lucio comparten su informaci\u00f3n en redes sociales para su pronta localizaci\u00f3n.<\/p>\n\n\n\n<p>Ella mide un metro con 67 cent\u00edmetros, tiene ojos caf\u00e9 claro; cabello casta\u00f1o claro, lacio y largo; nariz recta y boca chica con labios gruesos.<\/p>\n\n\n\n<p>Jes\u00fas Alberto Barrientos Guti\u00e9rrez, de 37 a\u00f1os, fue visto por \u00faltima vez, el pasado 4 de septiembre, en el municipio de Banderilla, una zona conurbada con Xalapa.<\/p>\n\n\n\n<p>\u00c9l mide un metro con 70 cent\u00edmetros. Tiene piel morena clara, ojos caf\u00e9 oscuro; cabello casta\u00f1o oscuro, lacio y corto; nariz recta; boca mediana con labios mixtos; y una cicatriz en el pecho.<\/p>\n\n\n\n<p>El martes 7 de septiembre, desaparecieron los hermanos Alejandra Amairani, Abril Guadalupe y Cristi\u00e1n Corro Vergara, de siete, nueve y 14 a\u00f1os de edad, respectivamente.<\/p>\n\n\n\n<p>Los tres se extraviaron en el municipio de Xalapa y se encontraban bajo resguardo al tener familiares en el puerto de Veracruz y en la Ciudad de M\u00e9xico.<\/p>\n\n\n\n<p>Sus fotograf\u00edas con las se\u00f1as particulares han sido difundidas en las fichas que ha emitido la Comisi\u00f3n Estatal de B\u00fasqueda, para su localizaci\u00f3n.<\/p>\n\n\n\n<p>Cabe mencionar que han continuado las desapariciones en la ciudad de Xalapa durante los \u00faltimos d\u00edas.<\/p>\n","protected":false},"excerpt":{"rendered":"<p>Juan Arcos Xalapa, Ver.- Del d\u00eda 4 al 7 de este mes patrio, se report\u00f3 la desaparici\u00f3n de cinco personas en la regi\u00f3n de la capital del estado de Veracruz. De acuerdo con informaci\u00f3n de la Comisi\u00f3n Estatal de B\u00fasqueda de Veracruz, se trata de un hombre, una mujer y tres menores que son hermanos, [&hellip;]<\/p>\n","protected":false},"author":1,"featured_media":18309,"comment_status":"open","ping_status":"open","sticky":false,"template":"","format":"standard","meta":{"_jetpack_memberships_contains_paid_content":false,"footnotes":""},"categories":[3],"tags":[],"class_list":["post-18308","post","type-post","status-publish","format-standard","has-post-thumbnail","hentry","category-xalapa"],"jetpack_featured_media_url":"https:\/\/encuentroinformativo.com.mx\/wp-content\/uploads\/2021\/09\/36138422-DF31-4C10-8212-1DA7259E7AF4.jpeg","jetpack_sharing_enabled":true,"jetpack_likes_enabled":true,"amp_enabled":true,"_links":{"self":[{"href":"https:\/\/encuentroinformativo.com.mx\/index.php?rest_route=\/wp\/v2\/posts\/18308","targetHints":{"allow":["GET"]}}],"collection":[{"href":"https:\/\/encuentroinformativo.com.mx\/index.php?rest_route=\/wp\/v2\/posts"}],"about":[{"href":"https:\/\/encuentroinformativo.com.mx\/index.php?rest_route=\/wp\/v2\/types\/post"}],"author":[{"embeddable":true,"href":"https:\/\/encuentroinformativo.com.mx\/index.php?rest_route=\/wp\/v2\/users\/1"}],"replies":[{"embeddable":true,"href":"https:\/\/encuentroinformativo.com.mx\/index.php?rest_route=%2Fwp%2Fv2%2Fcomments&post=18308"}],"version-history":[{"count":1,"href":"https:\/\/encuentroinformativo.com.mx\/index.php?rest_route=\/wp\/v2\/posts\/18308\/revisions"}],"predecessor-version":[{"id":18310,"href":"https:\/\/encuentroinformativo.com.mx\/index.php?rest_route=\/wp\/v2\/posts\/18308\/revisions\/18310"}],"wp:featuredmedia":[{"embeddable":true,"href":"https:\/\/encuentroinformativo.com.mx\/index.php?rest_route=\/wp\/v2\/media\/18309"}],"wp:attachment":[{"href":"https:\/\/encuentroinformativo.com.mx\/index.php?rest_route=%2Fwp%2Fv2%2Fmedia&parent=18308"}],"wp:term":[{"taxonomy":"category","embeddable":true,"href":"https:\/\/encuentroinformativo.com.mx\/index.php?rest_route=%2Fwp%2Fv2%2Fcategories&post=18308"},{"taxonomy":"post_tag","embeddable":true,"href":"https:\/\/encuentroinformativo.com.mx\/index.php?rest_route=%2Fwp%2Fv2%2Ftags&post=18308"}],"curies":[{"name":"wp","href":"https:\/\/api.w.org\/{rel}","templated":true}]}}