{"id":18311,"date":"2021-09-12T17:25:45","date_gmt":"2021-09-12T22:25:45","guid":{"rendered":"https:\/\/encuentroinformativo.com.mx\/?p=18311"},"modified":"2021-09-12T17:25:48","modified_gmt":"2021-09-12T22:25:48","slug":"desconocen-panistas-validez-de-reunion-para-renovar-la-dirigencia","status":"publish","type":"post","link":"https:\/\/encuentroinformativo.com.mx\/?p=18311","title":{"rendered":"Desconocen panistas validez de reuni\u00f3n para renovar la dirigencia"},"content":{"rendered":"\n<p><strong>Juan Arcos<\/strong><\/p>\n\n\n\n<p>Xalapa, Ver.- La reuni\u00f3n de panistas del grupo de \u201cYunes\u201d para realizar un Consejo Estatal y convocar a elecci\u00f3n interna que permita renovar la dirigencia estatal fue ileg\u00edtima y carece de validez, indic\u00f3 el actual presidente del Comit\u00e9 Directivo Estatal del Partido Acci\u00f3n Nacional (PAN), Joaqu\u00edn Guzm\u00e1n Avil\u00e9s.<\/p>\n\n\n\n<p>Los integrantes del Consejo Estatal se concentraron en un sal\u00f3n del fraccionamiento Las \u00c1nimas, en esta ciudad de Xalapa, ante la falta de convocatoria para la elecci\u00f3n interna.<br>En el lugar, estuvieron el exgobernador de Veracruz, Miguel \u00c1ngel Yunes Linares, el diputado local Sergio Hern\u00e1ndez Hern\u00e1ndez, la senadora Indira Rosales San Rom\u00e1n y otras personalidades de este grupo pol\u00edtico.<\/p>\n\n\n\n<p>Sin embargo, Guzm\u00e1n Avil\u00e9s se\u00f1al\u00f3 que la Presidencia del Comit\u00e9 Directivo Estatal y ning\u00fan otro \u00f3rgano directivo del partido emiti\u00f3 convocatoria alguna para sesionar este domingo 12 de septiembre.<\/p>\n\n\n\n<p>\u201cPor lo cual, la concurrencia en la cual con toda libertad se hayan reunido un grupo de Consejeros Estatales del PAN en Veracruz, no tiene el car\u00e1cter de sesi\u00f3n ordinaria ni extraordinaria. Todo acuerdo tomado en la reuni\u00f3n mencionada, no cuenta con los efectos legales de una decisi\u00f3n tomada en sesi\u00f3n de Consejo Estatal\u201d, expres\u00f3 en un comunicado.<\/p>\n\n\n\n<p>Tambi\u00e9n inform\u00f3 que la pr\u00f3xima sesi\u00f3n de Consejo Estatal ser\u00e1 convocada conforme lo se\u00f1alan los estatutos del Partido Acci\u00f3n Nacional.<\/p>\n\n\n\n<p>\u201cEn el Comit\u00e9 Directivo Estatal del PAN en Veracruz tenemos claro el valor de nuestra instituci\u00f3n, a la que debemos respetar desde nuestras atribuciones institucionales\u201d, enfatiz\u00f3 el l\u00edder albiazul.<\/p>\n\n\n\n<p>Cabe mencionar que en la sesi\u00f3n estuvieron presentes 59 de los 113 consejeros estatales; sin embargo, los panistas afines a Joaqu\u00edn Guzm\u00e1n Avil\u00e9s, as\u00ed como al secretario general Tito Delf\u00edn Cano, no fueron convocados.<\/p>\n","protected":false},"excerpt":{"rendered":"<p>Juan Arcos Xalapa, Ver.- La reuni\u00f3n de panistas del grupo de \u201cYunes\u201d para realizar un Consejo Estatal y convocar a elecci\u00f3n interna que permita renovar la dirigencia estatal fue ileg\u00edtima y carece de validez, indic\u00f3 el actual presidente del Comit\u00e9 Directivo Estatal del Partido Acci\u00f3n Nacional (PAN), Joaqu\u00edn Guzm\u00e1n Avil\u00e9s. Los integrantes del Consejo Estatal [&hellip;]<\/p>\n","protected":false},"author":1,"featured_media":2065,"comment_status":"open","ping_status":"open","sticky":false,"template":"","format":"standard","meta":{"_jetpack_memberships_contains_paid_content":false,"footnotes":""},"categories":[2],"tags":[],"class_list":["post-18311","post","type-post","status-publish","format-standard","has-post-thumbnail","hentry","category-estado"],"jetpack_featured_media_url":"https:\/\/encuentroinformativo.com.mx\/wp-content\/uploads\/2020\/04\/D4A576B1-BBBD-46AB-8DBB-31CF657C6138.jpeg","jetpack_sharing_enabled":true,"jetpack_likes_enabled":true,"amp_enabled":true,"_links":{"self":[{"href":"https:\/\/encuentroinformativo.com.mx\/index.php?rest_route=\/wp\/v2\/posts\/18311","targetHints":{"allow":["GET"]}}],"collection":[{"href":"https:\/\/encuentroinformativo.com.mx\/index.php?rest_route=\/wp\/v2\/posts"}],"about":[{"href":"https:\/\/encuentroinformativo.com.mx\/index.php?rest_route=\/wp\/v2\/types\/post"}],"author":[{"embeddable":true,"href":"https:\/\/encuentroinformativo.com.mx\/index.php?rest_route=\/wp\/v2\/users\/1"}],"replies":[{"embeddable":true,"href":"https:\/\/encuentroinformativo.com.mx\/index.php?rest_route=%2Fwp%2Fv2%2Fcomments&post=18311"}],"version-history":[{"count":1,"href":"https:\/\/encuentroinformativo.com.mx\/index.php?rest_route=\/wp\/v2\/posts\/18311\/revisions"}],"predecessor-version":[{"id":18312,"href":"https:\/\/encuentroinformativo.com.mx\/index.php?rest_route=\/wp\/v2\/posts\/18311\/revisions\/18312"}],"wp:featuredmedia":[{"embeddable":true,"href":"https:\/\/encuentroinformativo.com.mx\/index.php?rest_route=\/wp\/v2\/media\/2065"}],"wp:attachment":[{"href":"https:\/\/encuentroinformativo.com.mx\/index.php?rest_route=%2Fwp%2Fv2%2Fmedia&parent=18311"}],"wp:term":[{"taxonomy":"category","embeddable":true,"href":"https:\/\/encuentroinformativo.com.mx\/index.php?rest_route=%2Fwp%2Fv2%2Fcategories&post=18311"},{"taxonomy":"post_tag","embeddable":true,"href":"https:\/\/encuentroinformativo.com.mx\/index.php?rest_route=%2Fwp%2Fv2%2Ftags&post=18311"}],"curies":[{"name":"wp","href":"https:\/\/api.w.org\/{rel}","templated":true}]}}