{"id":18313,"date":"2021-09-12T17:32:38","date_gmt":"2021-09-12T22:32:38","guid":{"rendered":"https:\/\/encuentroinformativo.com.mx\/?p=18313"},"modified":"2021-09-12T17:32:42","modified_gmt":"2021-09-12T22:32:42","slug":"familia-reclama-justicia-para-daniela-joven-murio-atropellada","status":"publish","type":"post","link":"https:\/\/encuentroinformativo.com.mx\/?p=18313","title":{"rendered":"Familia reclama justicia para Daniela, joven muri\u00f3 atropellada"},"content":{"rendered":"\n<p><strong>Juan Arcos<\/strong><\/p>\n\n\n\n<p>Xalapa, Ver.- Daniela Reyes M\u00e9ndez se dirig\u00eda a la celebraci\u00f3n de su cumplea\u00f1os n\u00famero 19 cuando fue atropellada sobre la carretera de la cabecera municipal de San Rafael a la comunidad Paso de Teleya, en la regi\u00f3n costera central del estado de Veracruz.<\/p>\n\n\n\n<p>Los hechos ocurrieron este s\u00e1bado 11 de septiembre, alrededor de las 16:30 horas, en el municipio de San Rafael, cuando Armando \u201cN\u201d, productor de pl\u00e1tano, conduc\u00eda su camioneta negra Dodge-Ram a exceso de velocidad y arroll\u00f3 a la joven.<\/p>\n\n\n\n<p>La chica se trasladaba en su bicicleta durante su cumplea\u00f1os, cuando fue impactado por la camioneta de batea y lanzada fuera de la carretera, quedando tendida sobre un terreno para la siembra de palmas cycas.<\/p>\n\n\n\n<p>Aunque al lugar del accidente llegaron los param\u00e9dicos de la Cruz Roja de San Rafael, de manera inmediata, Daniela ya carec\u00eda de signos vitales.<\/p>\n\n\n\n<p>Elementos de la Polic\u00eda Municipal de San Rafael acordonaron la zona para esperar la presencia del personal de la Direcci\u00f3n General de Servicios Periciales.<\/p>\n\n\n\n<p>El productor de pl\u00e1tano se qued\u00f3 en el sitio en espera de las autoridades; sin embargo, los familiares de la v\u00edctima le reclamaron por lo ocurrido y comenzaron a golpearlo.<\/p>\n\n\n\n<p>Los polic\u00edas municipales lo resguardaron, lo subieron a la patrulla y posteriormente lo trasladaron a la comandancia, donde ser\u00eda interrogado para conocer su versi\u00f3n de los hechos.<\/p>\n\n\n\n<p>Alrededor de las 19:00 horas del s\u00e1bado, la familia de Daniela Reyes permanec\u00eda afuera de la comandancia para exigir justicia y evitar que la polic\u00eda liberara al detenido.<\/p>\n\n\n\n<p>La familia Reyes M\u00e9ndez exigi\u00f3 al alcalde de San Rafael, Luis Daniel Lagunes Mar\u00edn, que la polic\u00eda municipal ponga a Armando \u201cN\u201d a disposici\u00f3n del Ministerio P\u00fablico como el responsable de la muerte de Daniela.<\/p>\n","protected":false},"excerpt":{"rendered":"<p>Juan Arcos Xalapa, Ver.- Daniela Reyes M\u00e9ndez se dirig\u00eda a la celebraci\u00f3n de su cumplea\u00f1os n\u00famero 19 cuando fue atropellada sobre la carretera de la cabecera municipal de San Rafael a la comunidad Paso de Teleya, en la regi\u00f3n costera central del estado de Veracruz. Los hechos ocurrieron este s\u00e1bado 11 de septiembre, alrededor de [&hellip;]<\/p>\n","protected":false},"author":1,"featured_media":18314,"comment_status":"open","ping_status":"open","sticky":false,"template":"","format":"standard","meta":{"_jetpack_memberships_contains_paid_content":false,"footnotes":""},"categories":[2],"tags":[],"class_list":["post-18313","post","type-post","status-publish","format-standard","has-post-thumbnail","hentry","category-estado"],"jetpack_featured_media_url":"https:\/\/encuentroinformativo.com.mx\/wp-content\/uploads\/2021\/09\/B660F60A-9E85-4133-AE39-5691A4B68042.jpeg","jetpack_sharing_enabled":true,"jetpack_likes_enabled":true,"amp_enabled":true,"_links":{"self":[{"href":"https:\/\/encuentroinformativo.com.mx\/index.php?rest_route=\/wp\/v2\/posts\/18313","targetHints":{"allow":["GET"]}}],"collection":[{"href":"https:\/\/encuentroinformativo.com.mx\/index.php?rest_route=\/wp\/v2\/posts"}],"about":[{"href":"https:\/\/encuentroinformativo.com.mx\/index.php?rest_route=\/wp\/v2\/types\/post"}],"author":[{"embeddable":true,"href":"https:\/\/encuentroinformativo.com.mx\/index.php?rest_route=\/wp\/v2\/users\/1"}],"replies":[{"embeddable":true,"href":"https:\/\/encuentroinformativo.com.mx\/index.php?rest_route=%2Fwp%2Fv2%2Fcomments&post=18313"}],"version-history":[{"count":1,"href":"https:\/\/encuentroinformativo.com.mx\/index.php?rest_route=\/wp\/v2\/posts\/18313\/revisions"}],"predecessor-version":[{"id":18315,"href":"https:\/\/encuentroinformativo.com.mx\/index.php?rest_route=\/wp\/v2\/posts\/18313\/revisions\/18315"}],"wp:featuredmedia":[{"embeddable":true,"href":"https:\/\/encuentroinformativo.com.mx\/index.php?rest_route=\/wp\/v2\/media\/18314"}],"wp:attachment":[{"href":"https:\/\/encuentroinformativo.com.mx\/index.php?rest_route=%2Fwp%2Fv2%2Fmedia&parent=18313"}],"wp:term":[{"taxonomy":"category","embeddable":true,"href":"https:\/\/encuentroinformativo.com.mx\/index.php?rest_route=%2Fwp%2Fv2%2Fcategories&post=18313"},{"taxonomy":"post_tag","embeddable":true,"href":"https:\/\/encuentroinformativo.com.mx\/index.php?rest_route=%2Fwp%2Fv2%2Ftags&post=18313"}],"curies":[{"name":"wp","href":"https:\/\/api.w.org\/{rel}","templated":true}]}}