{"id":18316,"date":"2021-09-13T09:37:34","date_gmt":"2021-09-13T14:37:34","guid":{"rendered":"https:\/\/encuentroinformativo.com.mx\/?p=18316"},"modified":"2021-09-13T09:37:38","modified_gmt":"2021-09-13T14:37:38","slug":"fallecio-alumno-de-secundaria-victima-de-covid","status":"publish","type":"post","link":"https:\/\/encuentroinformativo.com.mx\/?p=18316","title":{"rendered":"Falleci\u00f3 alumno de secundaria v\u00edctima de Covid"},"content":{"rendered":"\n<p><strong>Dar\u00edo Pale <\/strong><\/p>\n\n\n\n<p>Xalapa, Ver.- Un alumno del turno matutino de la escuela Secundaria T\u00e9cnica 97 falleci\u00f3 el pasado s\u00e1bado en la cl\u00ednica del ISSSTE de Xalapa v\u00edctima de Covid-19, adem\u00e1s de que muchos maestros pese a que se vacunaron se est\u00e1n recuperando de esta pandemia.<\/p>\n\n\n\n<p>Algunos padres de familia y personal docente quienes no dieron sus generales por temor a represalias temen ser contagiados por el virus de esta enfermedad ya que en dicha escuela est\u00e1n trabajando personal de jornada, el director, subdirectores, coordinadores, personal administrativo, servicios generales y atendiendo a padres de familia y uno que otro alumno que va a la escuela en compa\u00f1\u00eda de su padre.<\/p>\n\n\n\n<p>Se\u00f1alaron que el subdirector del turno matutino V\u00edctor Olivares L\u00f3pez los hace trabajar en la escuela y el personal ya se manifest\u00f3 con el supervisor ya que no quieren ir a la escuela por el riesgo que representa el poderse contagiar ya que hay personal de los dos turnos contagiados.<\/p>\n\n\n\n<p>Dieron a conocer que algunos docentes ya salieron positivos al COVID-19 pese a que fueron vacunados pero el subdirector del turno matutino y su personal no ha dejado de ir, incluso en el receso vacacional de julio-agosto, adem\u00e1s de que hay muchas familias contagiadas que son de ambos turnos.<\/p>\n\n\n\n<p>Actualmente est\u00e1n los alumnos y docentes trabajando de manera virtual, pero en octubre supuestamente inician de manera presencial mixta escalonadas y las instalaciones no est\u00e1 en condiciones sanitarias, no hay seguridad, no hay lavabos de mano en la entrada.<\/p>\n\n\n\n<p>Finalmente dieron a conocer que lamentablemente este s\u00e1bado un menor de edad perdi\u00f3 la lucha contra el COVID-19 el pasado s\u00e1bado en la cl\u00ednica del ISSSTE, pero pese a que la Secretar\u00eda de Educaci\u00f3n de Veracruz (SEV), les otorg\u00f3 un kit de limpieza para una poblaci\u00f3n escolar de mil 400 alumnos, adem\u00e1s de 130 de personal lo cual solo les alcanza para un mes si se hace una limpieza a conciencia.\u00a0<\/p>\n","protected":false},"excerpt":{"rendered":"<p>Dar\u00edo Pale Xalapa, Ver.- Un alumno del turno matutino de la escuela Secundaria T\u00e9cnica 97 falleci\u00f3 el pasado s\u00e1bado en la cl\u00ednica del ISSSTE de Xalapa v\u00edctima de Covid-19, adem\u00e1s de que muchos maestros pese a que se vacunaron se est\u00e1n recuperando de esta pandemia. Algunos padres de familia y personal docente quienes no dieron [&hellip;]<\/p>\n","protected":false},"author":1,"featured_media":1661,"comment_status":"open","ping_status":"open","sticky":false,"template":"","format":"standard","meta":{"_jetpack_memberships_contains_paid_content":false,"footnotes":""},"categories":[9],"tags":[],"class_list":["post-18316","post","type-post","status-publish","format-standard","has-post-thumbnail","hentry","category-salud"],"jetpack_featured_media_url":"https:\/\/encuentroinformativo.com.mx\/wp-content\/uploads\/2020\/04\/2CF200D1-2BD2-4654-B535-63F14A11CBCA.jpeg","jetpack_sharing_enabled":true,"jetpack_likes_enabled":true,"amp_enabled":true,"_links":{"self":[{"href":"https:\/\/encuentroinformativo.com.mx\/index.php?rest_route=\/wp\/v2\/posts\/18316","targetHints":{"allow":["GET"]}}],"collection":[{"href":"https:\/\/encuentroinformativo.com.mx\/index.php?rest_route=\/wp\/v2\/posts"}],"about":[{"href":"https:\/\/encuentroinformativo.com.mx\/index.php?rest_route=\/wp\/v2\/types\/post"}],"author":[{"embeddable":true,"href":"https:\/\/encuentroinformativo.com.mx\/index.php?rest_route=\/wp\/v2\/users\/1"}],"replies":[{"embeddable":true,"href":"https:\/\/encuentroinformativo.com.mx\/index.php?rest_route=%2Fwp%2Fv2%2Fcomments&post=18316"}],"version-history":[{"count":1,"href":"https:\/\/encuentroinformativo.com.mx\/index.php?rest_route=\/wp\/v2\/posts\/18316\/revisions"}],"predecessor-version":[{"id":18317,"href":"https:\/\/encuentroinformativo.com.mx\/index.php?rest_route=\/wp\/v2\/posts\/18316\/revisions\/18317"}],"wp:featuredmedia":[{"embeddable":true,"href":"https:\/\/encuentroinformativo.com.mx\/index.php?rest_route=\/wp\/v2\/media\/1661"}],"wp:attachment":[{"href":"https:\/\/encuentroinformativo.com.mx\/index.php?rest_route=%2Fwp%2Fv2%2Fmedia&parent=18316"}],"wp:term":[{"taxonomy":"category","embeddable":true,"href":"https:\/\/encuentroinformativo.com.mx\/index.php?rest_route=%2Fwp%2Fv2%2Fcategories&post=18316"},{"taxonomy":"post_tag","embeddable":true,"href":"https:\/\/encuentroinformativo.com.mx\/index.php?rest_route=%2Fwp%2Fv2%2Ftags&post=18316"}],"curies":[{"name":"wp","href":"https:\/\/api.w.org\/{rel}","templated":true}]}}