{"id":1832,"date":"2020-04-14T12:51:08","date_gmt":"2020-04-14T17:51:08","guid":{"rendered":"https:\/\/encuentroinformativo.com\/?p=1832"},"modified":"2020-04-14T12:51:10","modified_gmt":"2020-04-14T17:51:10","slug":"se-mantienen-activos-4-incendios-forestales-pc","status":"publish","type":"post","link":"https:\/\/encuentroinformativo.com.mx\/?p=1832","title":{"rendered":"Se mantienen activos 4 incendios forestales: PC"},"content":{"rendered":"\n<p><strong>Dar\u00edo Pale <\/strong><\/p>\n\n\n\n<p>Xalapa, Ver.- La titular de la Secretar\u00eda de Protecci\u00f3n Civil de Veracruz, Guadalupe Osorno Maldonado, dio a conocer que en Veracruz hay cuatro incendios forestales activos, los cuales se ubican en San Andr\u00e9s Tenejapan, Maltrata, Ixhuatl\u00e1n del Caf\u00e9 y en Ilamatl\u00e1n.<\/p>\n\n\n\n<p>Entrevistada en las calles del centro de Xalapa se\u00f1al\u00f3 que en San Andr\u00e9s Tenejapan tuvieron que evacuar a 130 personas del domingo para lunes y se tiene un c\u00e1lculo de afectaci\u00f3n de 80 hect\u00e1reas.<\/p>\n\n\n\n<p>&#8220;El ataque a\u00e9reo nos va a ayudar a tener un ataque mucho m\u00e1s pr\u00f3ximo porque a veces se hace un c\u00e1lculo y no se prev\u00e9 que haya una barranca y eso hace que sean m\u00e1s hect\u00e1reas que lo que se ve&#8221;, inform\u00f3.<\/p>\n\n\n\n<p>En el incendio de San Andr\u00e9s Tenejapan se tiene el 40 por ciento de control; en el caso de Maltrata est\u00e1 controlado en el 70 por ciento; en Ilamatl\u00e1n el control es mayor, en cuanto hace a Ixhuatl\u00e1n del Caf\u00e9 la funcionaria dijo que se est\u00e1n haciendo evaluaciones porque es una zona de dif\u00edcil acceso.<\/p>\n\n\n\n<p>La funcionaria indic\u00f3 que de enero a abril de este a\u00f1o, los incendios forestales han consumido, aproximadamente poco m\u00e1s de 800 hect\u00e1reas en tanto que el a\u00f1o pasado en el mismo periodo los incendios hab\u00edan consumido m\u00e1s de tres mil hect\u00e1reas.<\/p>\n\n\n\n<p>\u201cEllo quiere decir que hemos estado muy al pendiente de lo que sucede en los bosques de la entidad y que la gente ha entendido que trabajando todos juntos podemos evitar este tipo de situaciones que nos afecta a todos\u201d, dijo.<\/p>\n\n\n\n<p>\u201cLos incendios que se dan en esta temporada tienen mucho que ver con las altas temperaturas y con el descuido de las personas que en \u00e9poca de calor hacen quemas a pesar de que se les advierte que no deben hacerlas porque se puede salir de control muy f\u00e1cilmente\u201d, dio a conocer.<\/p>\n\n\n\n<p>Finalmente dio a conocer que desde la dependencia a su cargo se exhorta constantemente a la poblaci\u00f3n a no hacer quemas en esta temporada ya que de otra forma se ocasionan incendios en zonas forestales o de basureros.<\/p>\n","protected":false},"excerpt":{"rendered":"<p>Dar\u00edo Pale Xalapa, Ver.- La titular de la Secretar\u00eda de Protecci\u00f3n Civil de Veracruz, Guadalupe Osorno Maldonado, dio a conocer que en Veracruz hay cuatro incendios forestales activos, los cuales se ubican en San Andr\u00e9s Tenejapan, Maltrata, Ixhuatl\u00e1n del Caf\u00e9 y en Ilamatl\u00e1n. Entrevistada en las calles del centro de Xalapa se\u00f1al\u00f3 que en San [&hellip;]<\/p>\n","protected":false},"author":1,"featured_media":1833,"comment_status":"open","ping_status":"open","sticky":false,"template":"","format":"standard","meta":{"_jetpack_memberships_contains_paid_content":false,"footnotes":""},"categories":[2],"tags":[],"class_list":["post-1832","post","type-post","status-publish","format-standard","has-post-thumbnail","hentry","category-estado"],"jetpack_featured_media_url":"https:\/\/encuentroinformativo.com.mx\/wp-content\/uploads\/2020\/04\/3EAF30FE-D0C1-4D63-98AB-8CE8C41C98A1.jpeg","jetpack_sharing_enabled":true,"jetpack_likes_enabled":true,"amp_enabled":true,"_links":{"self":[{"href":"https:\/\/encuentroinformativo.com.mx\/index.php?rest_route=\/wp\/v2\/posts\/1832","targetHints":{"allow":["GET"]}}],"collection":[{"href":"https:\/\/encuentroinformativo.com.mx\/index.php?rest_route=\/wp\/v2\/posts"}],"about":[{"href":"https:\/\/encuentroinformativo.com.mx\/index.php?rest_route=\/wp\/v2\/types\/post"}],"author":[{"embeddable":true,"href":"https:\/\/encuentroinformativo.com.mx\/index.php?rest_route=\/wp\/v2\/users\/1"}],"replies":[{"embeddable":true,"href":"https:\/\/encuentroinformativo.com.mx\/index.php?rest_route=%2Fwp%2Fv2%2Fcomments&post=1832"}],"version-history":[{"count":1,"href":"https:\/\/encuentroinformativo.com.mx\/index.php?rest_route=\/wp\/v2\/posts\/1832\/revisions"}],"predecessor-version":[{"id":1834,"href":"https:\/\/encuentroinformativo.com.mx\/index.php?rest_route=\/wp\/v2\/posts\/1832\/revisions\/1834"}],"wp:featuredmedia":[{"embeddable":true,"href":"https:\/\/encuentroinformativo.com.mx\/index.php?rest_route=\/wp\/v2\/media\/1833"}],"wp:attachment":[{"href":"https:\/\/encuentroinformativo.com.mx\/index.php?rest_route=%2Fwp%2Fv2%2Fmedia&parent=1832"}],"wp:term":[{"taxonomy":"category","embeddable":true,"href":"https:\/\/encuentroinformativo.com.mx\/index.php?rest_route=%2Fwp%2Fv2%2Fcategories&post=1832"},{"taxonomy":"post_tag","embeddable":true,"href":"https:\/\/encuentroinformativo.com.mx\/index.php?rest_route=%2Fwp%2Fv2%2Ftags&post=1832"}],"curies":[{"name":"wp","href":"https:\/\/api.w.org\/{rel}","templated":true}]}}