{"id":18323,"date":"2021-09-13T12:07:28","date_gmt":"2021-09-13T17:07:28","guid":{"rendered":"https:\/\/encuentroinformativo.com.mx\/?p=18323"},"modified":"2021-09-13T12:07:31","modified_gmt":"2021-09-13T17:07:31","slug":"protesta-frente-por-la-familia-en-casa-juridica-rechazan-despenalizacion-del-aborto","status":"publish","type":"post","link":"https:\/\/encuentroinformativo.com.mx\/?p=18323","title":{"rendered":"Protesta Frente por la Familia en Casa Jur\u00eddica, rechazan despenalizaci\u00f3n del aborto"},"content":{"rendered":"\n<p><strong>Dar\u00edo Pale<\/strong><\/p>\n\n\n\n<p>Xalapa, Ver.- El presidente del Frente Nacional de la Familia (FNF) en Xalapa Gustavo Balderas, acus\u00f3 que el tema de la interrupci\u00f3n legal del embarazo es una cuesti\u00f3n de agenda del gobierno de la Rep\u00fablica, por lo que protestaron a las afueras de la Casa de la Cultura Jur\u00eddica por la aprobaci\u00f3n de la despenalizaci\u00f3n del aborto.<\/p>\n\n\n\n<p>En conferencia de prensa a las afueras de dichas instalaciones, repudiaron el fallo a favor de la despenalizaci\u00f3n del aborto por parte de la Suprema Corte de Justicia de la Naci\u00f3n, por lo que el FNF calific\u00f3 que la Corte incurri\u00f3 en un \u201cabuso\u201d con la legalizaci\u00f3n del aborto en una vulneraci\u00f3n a la soberan\u00eda de las entidades y las legislaturas locales.<\/p>\n\n\n\n<p>\u201cLegal o ilegal el aborto sigue siendo un crimen. Tambi\u00e9n queremos pedirle a la Suprema Corte que hoy no ataque a los m\u00e9dicos y la objeci\u00f3n de conciencia porque hoy la Corte est\u00e1 discutiendo, niega la objeci\u00f3n de conciencia a los m\u00e9dicos\u201d, coment\u00f3.<\/p>\n\n\n\n<p>Se\u00f1al\u00f3 que por un lado la Corte da toda la libertad de las mujeres para decidir, pero impiden que los galenos decidan conforme a su conciencia si practican el aborto o no, \u201ctu sabes que el aborto no es una enfermedad terminal como el c\u00e1ncer, que si no la atiendes de inmediato te mueres, no es como cualquiera otra que merece una atenci\u00f3n de emergencia\u201d.<\/p>\n\n\n\n<p>Dio a conocer que la protesta de este lunes tiene lugar en forma simb\u00f3lica, pac\u00edfica y que no se le impide el acceso a nadie, por lo que recalc\u00f3 que el tema de la interrupci\u00f3n legal del embarazo es una cuesti\u00f3n de agenda del gobierno de la Rep\u00fablica y acus\u00f3 que en su reciente visita como secretaria Olga S\u00e1nchez Cordero dio instrucciones a los diputados de Morena para despenalizar el aborto.<\/p>\n\n\n\n<p>Finalmente agreg\u00f3 que esta nueva legislaci\u00f3n es un cumplimiento de la Presidencia de la Rep\u00fablica a las instrucciones giradas desde los Estados Unidos, entre estas, la interrupci\u00f3n legal del embarazo.<\/p>\n\n\n\n<figure class=\"wp-block-image size-large\"><img loading=\"lazy\" decoding=\"async\" width=\"750\" height=\"363\" src=\"https:\/\/encuentroinformativo.com.mx\/wp-content\/uploads\/2021\/09\/54263682-0E70-4C25-849E-2FEA6EF845CE.jpeg\" alt=\"\" class=\"wp-image-18325\" srcset=\"https:\/\/encuentroinformativo.com.mx\/wp-content\/uploads\/2021\/09\/54263682-0E70-4C25-849E-2FEA6EF845CE.jpeg 750w, https:\/\/encuentroinformativo.com.mx\/wp-content\/uploads\/2021\/09\/54263682-0E70-4C25-849E-2FEA6EF845CE-300x145.jpeg 300w\" sizes=\"auto, (max-width: 750px) 100vw, 750px\" \/><\/figure>\n","protected":false},"excerpt":{"rendered":"<p>Dar\u00edo Pale Xalapa, Ver.- El presidente del Frente Nacional de la Familia (FNF) en Xalapa Gustavo Balderas, acus\u00f3 que el tema de la interrupci\u00f3n legal del embarazo es una cuesti\u00f3n de agenda del gobierno de la Rep\u00fablica, por lo que protestaron a las afueras de la Casa de la Cultura Jur\u00eddica por la aprobaci\u00f3n de [&hellip;]<\/p>\n","protected":false},"author":1,"featured_media":18324,"comment_status":"open","ping_status":"open","sticky":false,"template":"","format":"standard","meta":{"_jetpack_memberships_contains_paid_content":false,"footnotes":""},"categories":[3],"tags":[],"class_list":["post-18323","post","type-post","status-publish","format-standard","has-post-thumbnail","hentry","category-xalapa"],"jetpack_featured_media_url":"https:\/\/encuentroinformativo.com.mx\/wp-content\/uploads\/2021\/09\/0A60BD22-DDB4-429B-B784-B54FF95ED7C7.jpeg","jetpack_sharing_enabled":true,"jetpack_likes_enabled":true,"amp_enabled":true,"_links":{"self":[{"href":"https:\/\/encuentroinformativo.com.mx\/index.php?rest_route=\/wp\/v2\/posts\/18323","targetHints":{"allow":["GET"]}}],"collection":[{"href":"https:\/\/encuentroinformativo.com.mx\/index.php?rest_route=\/wp\/v2\/posts"}],"about":[{"href":"https:\/\/encuentroinformativo.com.mx\/index.php?rest_route=\/wp\/v2\/types\/post"}],"author":[{"embeddable":true,"href":"https:\/\/encuentroinformativo.com.mx\/index.php?rest_route=\/wp\/v2\/users\/1"}],"replies":[{"embeddable":true,"href":"https:\/\/encuentroinformativo.com.mx\/index.php?rest_route=%2Fwp%2Fv2%2Fcomments&post=18323"}],"version-history":[{"count":1,"href":"https:\/\/encuentroinformativo.com.mx\/index.php?rest_route=\/wp\/v2\/posts\/18323\/revisions"}],"predecessor-version":[{"id":18326,"href":"https:\/\/encuentroinformativo.com.mx\/index.php?rest_route=\/wp\/v2\/posts\/18323\/revisions\/18326"}],"wp:featuredmedia":[{"embeddable":true,"href":"https:\/\/encuentroinformativo.com.mx\/index.php?rest_route=\/wp\/v2\/media\/18324"}],"wp:attachment":[{"href":"https:\/\/encuentroinformativo.com.mx\/index.php?rest_route=%2Fwp%2Fv2%2Fmedia&parent=18323"}],"wp:term":[{"taxonomy":"category","embeddable":true,"href":"https:\/\/encuentroinformativo.com.mx\/index.php?rest_route=%2Fwp%2Fv2%2Fcategories&post=18323"},{"taxonomy":"post_tag","embeddable":true,"href":"https:\/\/encuentroinformativo.com.mx\/index.php?rest_route=%2Fwp%2Fv2%2Ftags&post=18323"}],"curies":[{"name":"wp","href":"https:\/\/api.w.org\/{rel}","templated":true}]}}