{"id":18327,"date":"2021-09-13T12:33:37","date_gmt":"2021-09-13T17:33:37","guid":{"rendered":"https:\/\/encuentroinformativo.com.mx\/?p=18327"},"modified":"2021-09-13T12:33:41","modified_gmt":"2021-09-13T17:33:41","slug":"desiste-ayuntamiento-porteno-de-festejo-patrio-presencial","status":"publish","type":"post","link":"https:\/\/encuentroinformativo.com.mx\/?p=18327","title":{"rendered":"Desiste Ayuntamiento porte\u00f1o de festejo patrio presencial"},"content":{"rendered":"\n<p><strong>Alejandro \u00c1vila<\/strong><\/p>\n\n\n\n<p>Veracruz, Ver. \u2013 Finalmente el municipio de Veracruz desisti\u00f3 de realizar el \u201cGrito de Independencia\u201d de forma presencial como se ten\u00eda pensado hace unas semanas; el alcalde de Veracruz expuso que este se realizar\u00e1 de manera virtual, pero se dejar\u00e1 el espacio libre, pues habr\u00e1 actividades folcl\u00f3ricas para el deleite de los visitantes.<\/p>\n\n\n\n<p>\u201cSe va a llevar a cabo de manera virtual (\u2026) sin embargo tampoco se va a cerrar el acceso al centro de la ciudad, sobre todo para quien acuda a los Portales o acuda a alguna otra cuesti\u00f3n (\u2026) vamos a tener como siempre lo que es danz\u00f3n, todas las actividades normales del z\u00f3calo, no vamos a tener algo adicional\u201d, resalt\u00f3.<\/p>\n\n\n\n<p>Al respecto del desfile del 16 de septiembre, mencion\u00f3 que desconoce si se llevar\u00e1 a cabo, pues adem\u00e1s de que no han sido convocados, la organizaci\u00f3n est\u00e1 a cargo de la Secretar\u00eda de la Defensa Nacional (SEDENA).<\/p>\n\n\n\n<p>Este lunes se realiz\u00f3 un homenaje a la defensa del Castillo de Chapultepec por parte de los Ni\u00f1os H\u00e9roes, aunque a diferencia de todos los a\u00f1os, que se realiza en el monumento del bulevar \u201cAdolfo Ruiz Cortines\u201d, en esta ocasi\u00f3n y ante la falta de convocatoria de la SEDENA, este reconocimiento se llev\u00f3 a cabo en un peque\u00f1o monolito ubica en la avenida General PRIM.<\/p>\n\n\n\n<p>Finalmente, el alcalde Fernando Yunes M\u00e1rquez, se\u00f1al\u00f3 que la chatarrera \u201cMu\u00f1oz\u201d, donde se encontraron algunas traga tormentas y alcantarillas robadas, ya fue denunciada ante la Fiscal\u00eda General del Estado; adem\u00e1s, inform\u00f3 que los operativos en la ciudad contin\u00faan, a fin de poder dar con la banda de responsables del robo que va en aumento.<\/p>\n","protected":false},"excerpt":{"rendered":"<p>Alejandro \u00c1vila Veracruz, Ver. \u2013 Finalmente el municipio de Veracruz desisti\u00f3 de realizar el \u201cGrito de Independencia\u201d de forma presencial como se ten\u00eda pensado hace unas semanas; el alcalde de Veracruz expuso que este se realizar\u00e1 de manera virtual, pero se dejar\u00e1 el espacio libre, pues habr\u00e1 actividades folcl\u00f3ricas para el deleite de los visitantes. [&hellip;]<\/p>\n","protected":false},"author":1,"featured_media":18328,"comment_status":"open","ping_status":"open","sticky":false,"template":"","format":"standard","meta":{"_jetpack_memberships_contains_paid_content":false,"footnotes":""},"categories":[2],"tags":[],"class_list":["post-18327","post","type-post","status-publish","format-standard","has-post-thumbnail","hentry","category-estado"],"jetpack_featured_media_url":"https:\/\/encuentroinformativo.com.mx\/wp-content\/uploads\/2021\/09\/0AA569D2-E35D-4CB1-AF4F-1E3E658DEF39.jpeg","jetpack_sharing_enabled":true,"jetpack_likes_enabled":true,"amp_enabled":true,"_links":{"self":[{"href":"https:\/\/encuentroinformativo.com.mx\/index.php?rest_route=\/wp\/v2\/posts\/18327","targetHints":{"allow":["GET"]}}],"collection":[{"href":"https:\/\/encuentroinformativo.com.mx\/index.php?rest_route=\/wp\/v2\/posts"}],"about":[{"href":"https:\/\/encuentroinformativo.com.mx\/index.php?rest_route=\/wp\/v2\/types\/post"}],"author":[{"embeddable":true,"href":"https:\/\/encuentroinformativo.com.mx\/index.php?rest_route=\/wp\/v2\/users\/1"}],"replies":[{"embeddable":true,"href":"https:\/\/encuentroinformativo.com.mx\/index.php?rest_route=%2Fwp%2Fv2%2Fcomments&post=18327"}],"version-history":[{"count":1,"href":"https:\/\/encuentroinformativo.com.mx\/index.php?rest_route=\/wp\/v2\/posts\/18327\/revisions"}],"predecessor-version":[{"id":18329,"href":"https:\/\/encuentroinformativo.com.mx\/index.php?rest_route=\/wp\/v2\/posts\/18327\/revisions\/18329"}],"wp:featuredmedia":[{"embeddable":true,"href":"https:\/\/encuentroinformativo.com.mx\/index.php?rest_route=\/wp\/v2\/media\/18328"}],"wp:attachment":[{"href":"https:\/\/encuentroinformativo.com.mx\/index.php?rest_route=%2Fwp%2Fv2%2Fmedia&parent=18327"}],"wp:term":[{"taxonomy":"category","embeddable":true,"href":"https:\/\/encuentroinformativo.com.mx\/index.php?rest_route=%2Fwp%2Fv2%2Fcategories&post=18327"},{"taxonomy":"post_tag","embeddable":true,"href":"https:\/\/encuentroinformativo.com.mx\/index.php?rest_route=%2Fwp%2Fv2%2Ftags&post=18327"}],"curies":[{"name":"wp","href":"https:\/\/api.w.org\/{rel}","templated":true}]}}