{"id":18330,"date":"2021-09-13T12:43:01","date_gmt":"2021-09-13T17:43:01","guid":{"rendered":"https:\/\/encuentroinformativo.com.mx\/?p=18330"},"modified":"2021-09-13T12:43:05","modified_gmt":"2021-09-13T17:43:05","slug":"christian-carrillo-nuevo-titular-de-la-comision-de-atencion-a-victimas","status":"publish","type":"post","link":"https:\/\/encuentroinformativo.com.mx\/?p=18330","title":{"rendered":"Christian Carrillo nuevo titular de la Comisi\u00f3n de Atenci\u00f3n a V\u00edctimas"},"content":{"rendered":"\n<p><strong>Redacci\u00f3n<\/strong><\/p>\n\n\n\n<p>Xalapa, Ver.- El gobernador Cuitl\u00e1huac Garc\u00eda Jim\u00e9nez confirm\u00f3 que nombr\u00f3 a Christian Carrillo R\u00edos como el nuevo titular de la Comisi\u00f3n Ejecutiva Estatal de Atenci\u00f3n Integral a V\u00edctimas (CEEAIV).<\/p>\n\n\n\n<p>Durante la conferencia de prensa, el ejecutivo estatal se\u00f1al\u00f3 que debido a que ning\u00fan integrante de la terna que envi\u00f3 al Congreso Local obtuvo la mayor\u00eda, conforme a la ley le correspondi\u00f3 a \u00e9l designar al nuevo titular dicha comisi\u00f3n.<\/p>\n\n\n\n<p>En ese tenor precis\u00f3: \u201cHe nombrado al licenciado Christian Carrillo R\u00edos que hace unos momentos estuvo aqu\u00ed\u2026 est\u00e1 en mis atribuciones ya lo he nombrado, ya le tome la protesta y lo present\u00e9 con la ex titular de la CEEAIV\u201d.<\/p>\n\n\n\n<p>Al no haber consenso existe en la ley esa parte, enfatiz\u00f3.<\/p>\n\n\n\n<p>Garc\u00eda Jim\u00e9nez record\u00f3 que sostuvo reuniones con los integrantes de los colectivos de personas desaparecidas por lo que dijo confiar en que ya no haya inconvenientes, sin embargo, record\u00f3 que la comisi\u00f3n de v\u00edctimas no atiende \u00fanicamente casos de personas desaparecidas sino de v\u00edctimas de diversos tipos de delitos.<\/p>\n","protected":false},"excerpt":{"rendered":"<p>Redacci\u00f3n Xalapa, Ver.- El gobernador Cuitl\u00e1huac Garc\u00eda Jim\u00e9nez confirm\u00f3 que nombr\u00f3 a Christian Carrillo R\u00edos como el nuevo titular de la Comisi\u00f3n Ejecutiva Estatal de Atenci\u00f3n Integral a V\u00edctimas (CEEAIV). Durante la conferencia de prensa, el ejecutivo estatal se\u00f1al\u00f3 que debido a que ning\u00fan integrante de la terna que envi\u00f3 al Congreso Local obtuvo la [&hellip;]<\/p>\n","protected":false},"author":1,"featured_media":18331,"comment_status":"open","ping_status":"open","sticky":false,"template":"","format":"standard","meta":{"_jetpack_memberships_contains_paid_content":false,"footnotes":""},"categories":[2],"tags":[],"class_list":["post-18330","post","type-post","status-publish","format-standard","has-post-thumbnail","hentry","category-estado"],"jetpack_featured_media_url":"https:\/\/encuentroinformativo.com.mx\/wp-content\/uploads\/2021\/09\/30176EAE-0AF7-4829-A1FF-F0B8257E698C.jpeg","jetpack_sharing_enabled":true,"jetpack_likes_enabled":true,"amp_enabled":true,"_links":{"self":[{"href":"https:\/\/encuentroinformativo.com.mx\/index.php?rest_route=\/wp\/v2\/posts\/18330","targetHints":{"allow":["GET"]}}],"collection":[{"href":"https:\/\/encuentroinformativo.com.mx\/index.php?rest_route=\/wp\/v2\/posts"}],"about":[{"href":"https:\/\/encuentroinformativo.com.mx\/index.php?rest_route=\/wp\/v2\/types\/post"}],"author":[{"embeddable":true,"href":"https:\/\/encuentroinformativo.com.mx\/index.php?rest_route=\/wp\/v2\/users\/1"}],"replies":[{"embeddable":true,"href":"https:\/\/encuentroinformativo.com.mx\/index.php?rest_route=%2Fwp%2Fv2%2Fcomments&post=18330"}],"version-history":[{"count":1,"href":"https:\/\/encuentroinformativo.com.mx\/index.php?rest_route=\/wp\/v2\/posts\/18330\/revisions"}],"predecessor-version":[{"id":18332,"href":"https:\/\/encuentroinformativo.com.mx\/index.php?rest_route=\/wp\/v2\/posts\/18330\/revisions\/18332"}],"wp:featuredmedia":[{"embeddable":true,"href":"https:\/\/encuentroinformativo.com.mx\/index.php?rest_route=\/wp\/v2\/media\/18331"}],"wp:attachment":[{"href":"https:\/\/encuentroinformativo.com.mx\/index.php?rest_route=%2Fwp%2Fv2%2Fmedia&parent=18330"}],"wp:term":[{"taxonomy":"category","embeddable":true,"href":"https:\/\/encuentroinformativo.com.mx\/index.php?rest_route=%2Fwp%2Fv2%2Fcategories&post=18330"},{"taxonomy":"post_tag","embeddable":true,"href":"https:\/\/encuentroinformativo.com.mx\/index.php?rest_route=%2Fwp%2Fv2%2Ftags&post=18330"}],"curies":[{"name":"wp","href":"https:\/\/api.w.org\/{rel}","templated":true}]}}