{"id":18333,"date":"2021-09-13T13:22:16","date_gmt":"2021-09-13T18:22:16","guid":{"rendered":"https:\/\/encuentroinformativo.com.mx\/?p=18333"},"modified":"2021-09-13T13:22:20","modified_gmt":"2021-09-13T18:22:20","slug":"el-caostepec-del-alcalde","status":"publish","type":"post","link":"https:\/\/encuentroinformativo.com.mx\/?p=18333","title":{"rendered":"El Caostepec del alcalde"},"content":{"rendered":"\n<p><strong>Los Pol\u00edticos<\/strong><\/p>\n\n\n\n<p><strong>Salvador Mu\u00f1oz<\/strong><\/p>\n\n\n\n<p>Con eso de que hay inundaciones por un lado como por otro, Coatepec no se escapa de tener estos problemas, aunque \u00e9ste no es pluvial, sino por el ambulantaje\u2026 a las calles aleda\u00f1as al centro de este Pueblo M\u00e1gico llovieron los comercios irregulares y aunque muchos podr\u00edan invocar el sentido humanista y socioecon\u00f3mico de la situaci\u00f3n pand\u00e9mica por la que se atraviesa, igual es curioso que este fen\u00f3meno no se da hace a\u00f1o y medio, o 12 meses, sino posterior a las elecciones a presidente municipal.<\/p>\n\n\n\n<p>Dejemos el sentido pol\u00edtico que rodea al comerciante ambulante de Antorcha Campesina, porque capaz que haya quienes digan que hay acuerdo entre el alcalde y la agrupaci\u00f3n tras la derrota del PAN, pero entonces ubiquemos las repercusiones que pudiera tener esta invasi\u00f3n de vendedores en este Pueblo M\u00e1gico, primero en Veracruz en obtener este reconocimiento en 2006\u2026 pudiera perder la categor\u00eda.<\/p>\n\n\n\n<p>No es la primera vez que Caostepec (ya la llaman as\u00ed los vecinos de este lugar) tiene invasi\u00f3n de Antorcha. En el 2017, hasta el entonces diputado azul Jos\u00e9 Manuel S\u00e1nchez Mart\u00ednez exig\u00eda al alcalde PRIcardo Palacios Torres \u201cmano dura\u201d para desalojar al ambulantaje antorchero, pero fue demasiado \u201ctibio\u201d y como quiz\u00e1s era su \u00faltimo a\u00f1o, decidi\u00f3 dejar el asunto para las elecciones \u00a1y que pierde el PRI y gan\u00f3 el PAN! Enrique Fern\u00e1ndez Peredo, a mediados de agosto del 2018, dio madruguete a los antorchos y mediante operativo policial, impidi\u00f3 su instalaci\u00f3n\u2026<\/p>\n\n\n\n<p>El pasado jueves, hubo una reuni\u00f3n en el ayuntaMiento de Fern\u00e1ndez Peredo para tratar este tema. All\u00ed asistieron el secretario del H, Protecci\u00f3n Civil pero no estuvo uno de los elementos b\u00e1sicos para tratar este asunto: Seguridad P\u00fablica. La excusa, el titular del \u00e1rea, desde el 29 de agosto, trae luto por el deceso de su madre, es decir, quince d\u00edas para cuando usted lea estas l\u00edneas, por lo que en dicha reuni\u00f3n, no se lleg\u00f3 a ning\u00fan lado lo que le da vida a Antorcha Campesina en el centro de Pueblo M\u00e1gico y entonces, el ambulantaje se alarga.<\/p>\n\n\n\n<p>\u00a1Ojo! porque a ojo de buen cubero, se puede hablar de unos 50 comerciantes irregulares en el centro del Pueblo M\u00e1gico, pero no hay que olvidar tres factores que pudieran f\u00e1cilmente triplicar este n\u00famero en breve: se acerca la fiesta de Todos Santos y posteriormente, las fiestas guadalupanas y para acabarla de fregar, navidad\u2026 es decir, con la nueva administraci\u00f3n municipal de Raymundo Andrade, los Reyes Magos f\u00e1cilmente tendr\u00edan entre 150 \u00f3 200 antorchos invadiendo el centro de Caostepec.<\/p>\n\n\n\n<p>Con tres meses para salir, Enrique Fern\u00e1ndez Peredo tiene tres talones de Aquiles que desde el inicio de su administraci\u00f3n nom\u00e1s no ha podido con ellos: Seguridad P\u00fablica, Basura y ahora, el m\u00e1s reciente, Ambulantaje.<\/p>\n\n\n\n<ol class=\"wp-block-list\"><li>Ya alguna vez Sedena ubic\u00f3 a Caostepec entre los municipios con problemas de seguridad, pero eso lo pueden hablar mejor sus habitantes y no sus autoridades\u2026<\/li><li>En el caso de la basura, es incre\u00edble que la Procuradur\u00eda del Medio Ambiente que dirige Sergio Rodr\u00edguez Cort\u00e9s, no vea los rellenos irregulares que ha generado el AyuntaMiento de Fern\u00e1ndez Peredo\u2026<\/li><li>\u00bfSer\u00e1 que Fern\u00e1ndez Peredo le haga a Raymundo Andrade, la misma fregadera que le hizo Palacios Torres dej\u00e1ndole de herencia a los ambulantes multiplicados para a\u00f1o nuevo?<\/li><\/ol>\n\n\n\n<p>Partamos desde el inicio\u2026 econ\u00f3micamente se puede entender al ambulantaje en tiempos de pandemia, pero tambi\u00e9n hay que entender que lo irregular debe ser sometido a las Leyes, pero si no es as\u00ed, hay de varias: o las autoridades son omisas, son c\u00f3mplices o simplemente, no son autoridades\u2026 \u201ctotal, ya me voy!\u201d, el de atr\u00e1s que pague.<\/p>\n\n\n\n<p><a href=\"mailto:smcainito@gmail.com\" target=\"_blank\" rel=\"noreferrer noopener\">smcainito@gmail.com<\/a><\/p>\n","protected":false},"excerpt":{"rendered":"<p>Los Pol\u00edticos Salvador Mu\u00f1oz Con eso de que hay inundaciones por un lado como por otro, Coatepec no se escapa de tener estos problemas, aunque \u00e9ste no es pluvial, sino por el ambulantaje\u2026 a las calles aleda\u00f1as al centro de este Pueblo M\u00e1gico llovieron los comercios irregulares y aunque muchos podr\u00edan invocar el sentido humanista [&hellip;]<\/p>\n","protected":false},"author":1,"featured_media":387,"comment_status":"open","ping_status":"open","sticky":false,"template":"","format":"standard","meta":{"_jetpack_memberships_contains_paid_content":false,"footnotes":""},"categories":[11],"tags":[],"class_list":["post-18333","post","type-post","status-publish","format-standard","has-post-thumbnail","hentry","category-opinion"],"jetpack_featured_media_url":"https:\/\/encuentroinformativo.com.mx\/wp-content\/uploads\/2020\/03\/7CF8A22B-2764-47BE-8F7F-38FE9E5D6A2F.jpeg","jetpack_sharing_enabled":true,"jetpack_likes_enabled":true,"amp_enabled":true,"_links":{"self":[{"href":"https:\/\/encuentroinformativo.com.mx\/index.php?rest_route=\/wp\/v2\/posts\/18333","targetHints":{"allow":["GET"]}}],"collection":[{"href":"https:\/\/encuentroinformativo.com.mx\/index.php?rest_route=\/wp\/v2\/posts"}],"about":[{"href":"https:\/\/encuentroinformativo.com.mx\/index.php?rest_route=\/wp\/v2\/types\/post"}],"author":[{"embeddable":true,"href":"https:\/\/encuentroinformativo.com.mx\/index.php?rest_route=\/wp\/v2\/users\/1"}],"replies":[{"embeddable":true,"href":"https:\/\/encuentroinformativo.com.mx\/index.php?rest_route=%2Fwp%2Fv2%2Fcomments&post=18333"}],"version-history":[{"count":1,"href":"https:\/\/encuentroinformativo.com.mx\/index.php?rest_route=\/wp\/v2\/posts\/18333\/revisions"}],"predecessor-version":[{"id":18334,"href":"https:\/\/encuentroinformativo.com.mx\/index.php?rest_route=\/wp\/v2\/posts\/18333\/revisions\/18334"}],"wp:featuredmedia":[{"embeddable":true,"href":"https:\/\/encuentroinformativo.com.mx\/index.php?rest_route=\/wp\/v2\/media\/387"}],"wp:attachment":[{"href":"https:\/\/encuentroinformativo.com.mx\/index.php?rest_route=%2Fwp%2Fv2%2Fmedia&parent=18333"}],"wp:term":[{"taxonomy":"category","embeddable":true,"href":"https:\/\/encuentroinformativo.com.mx\/index.php?rest_route=%2Fwp%2Fv2%2Fcategories&post=18333"},{"taxonomy":"post_tag","embeddable":true,"href":"https:\/\/encuentroinformativo.com.mx\/index.php?rest_route=%2Fwp%2Fv2%2Ftags&post=18333"}],"curies":[{"name":"wp","href":"https:\/\/api.w.org\/{rel}","templated":true}]}}