{"id":18335,"date":"2021-09-13T13:29:44","date_gmt":"2021-09-13T18:29:44","guid":{"rendered":"https:\/\/encuentroinformativo.com.mx\/?p=18335"},"modified":"2021-09-13T13:29:48","modified_gmt":"2021-09-13T18:29:48","slug":"el-calvario-de-rosa","status":"publish","type":"post","link":"https:\/\/encuentroinformativo.com.mx\/?p=18335","title":{"rendered":"El Calvario de Rosa"},"content":{"rendered":"\n<p><strong>N\u00fameros Rojos<\/strong><\/p>\n\n\n\n<p><strong>Brenda Caballero<\/strong><\/p>\n\n\n\n<p>\u00a1Tiene 20 d\u00edas que me demand\u00f3! Al escucharla, no pod\u00eda creerlo. El hombre que hasta hace apenas un a\u00f1o la atosigaba y violentaba, ahora la estaba demandando. Aparte le exig\u00eda pensi\u00f3n para sus 2 hijos que lo fueron a visitar y ya no los devolvi\u00f3 a su madre.<\/p>\n\n\n\n<p>Rosa, as\u00ed la llamar\u00e9, vive en Las Vigas de Ram\u00edrez, Veracruz. Se separ\u00f3 del padre de sus 4 hijos (de 2, 10, 12 y 17 a\u00f1os) y trabaja como empleada en Perote.<\/p>\n\n\n\n<p>A Rosa, aparte de ser violentada, le ha tocado padecer los estragos de la pandemia y de la burocracia de los niveles municipal y estatal.<\/p>\n\n\n\n<p>En mayo del a\u00f1o pasado, \u201cRosa\u201d me coment\u00f3 que su ex pareja, con el pretexto de ir a ver a sus hijos y darle dinero, trataba de tener relaciones sexuales a la fuerza. Ante el rechazo, empez\u00f3 a atosigarla y seguirla, incluso, una vez \u00e9l se subi\u00f3 al cami\u00f3n que ella tom\u00f3 para su trabajo y la fue insultando. No conforme con ello, mandaba al cobrador de un mueble que hab\u00eda comprado Rosa y que con la separaci\u00f3n, se hab\u00eda llevado \u00e9l.<\/p>\n\n\n\n<p>Ante el violento escenario y todos los antecedentes que Rosa me hab\u00eda platicado, mi sugerencia fue decirle que se pusiera en contacto con el Instituto Municipal de la Mujer de Las Vigas o con el DIF de ese mismo municipio; sin embargo, al ir al Ayuntamiento de Las Vigas, solamente la atendieron los polic\u00edas que estaban de guardia, inform\u00e1ndole que por pandemia estaba cerrado y si algo se le ofrec\u00eda, fuera a Xalapa.<\/p>\n\n\n\n<p>\u00bfQu\u00e9 hacer cuando una mujer es violentada? Mi siguiente sugerencia fue que acudiera al Instituto Municipal de la Mujer en Perote; all\u00ed, por petici\u00f3n telef\u00f3nica la atendi\u00f3 una psic\u00f3loga que le brind\u00f3 atenci\u00f3n, pero le coment\u00f3 que ten\u00eda que denunciar violencia intrafamiliar en su municipio, ya que no le tocaba esa demarcaci\u00f3n.<\/p>\n\n\n\n<p>Volvi\u00f3 a Las Vigas, pero no obtuvo ning\u00fan apoyo. \u201cVaya a Xalapa\u201d, le volvieron a decir. Ante el escenario y la tensi\u00f3n de un probable feminicidio, pues las agresiones verbales p\u00fablicas no cesaban, intent\u00f3 en Xalapa. En el Instituto Veracruzano de la Mujer, v\u00eda telef\u00f3nica la contactaron, pero solamente un par de veces, sin seguimiento, sin preguntar\u2026 \u00bfqu\u00e9 pasar\u00eda con aquella mujer de Las Vigas?<\/p>\n\n\n\n<p>Le insist\u00ed a Rosa que denunciara, que la violencia de cualquier tipo debe ser llevada antes las autoridades. \u201cMe dijeron que conciliara\u201d. \u00bfConciliar? \u00bfSe puede conciliar violencia f\u00edsica, intrafamiliar, econ\u00f3mica, psicol\u00f3gica y patrimonial? Hasta donde yo pensaba, en ese escenario se debe acompa\u00f1ar a la v\u00edctima a denunciar, no a conciliar. \u201cMe llamaron para una conciliaci\u00f3n en el CEJAV\u201d \u00bfEn el Centro Estatal de Justicia Alternativa de Veracruz? Le pregunt\u00e9. \u201cAs\u00ed me dijeron, que me iban a sacar una cita telef\u00f3nica, porque me cuesta ir a Xalapa\u201d. La cita nunca lleg\u00f3.<\/p>\n\n\n\n<p>\u00a1Tiene 20 d\u00edas que me demand\u00f3! \u2013Me dijo hace mes y medio\u2013 Mis hijos quer\u00edan ir a ver a su pap\u00e1 y los llev\u00e9; ahora no me los quiere devolver, y me demand\u00f3 en el DIF porque dice que abandon\u00e9 a mis hijos y no me deja verlos.<\/p>\n\n\n\n<p>\u2013Pero no puede negarse a que veas a tus hijos.<\/p>\n\n\n\n<p>\u2013Es que no quise firmar el acuerdo de pasarle 300 pesos por cada uno de mis tres hijos \u00bfDe d\u00f3nde voy a sacar eso, si gano mil semanales y a veces tengo que comprar gas? Adem\u00e1s, \u00e9l por cada ni\u00f1o me daba 100 pesos semanales, \u00bfPor qu\u00e9 me pide el del DIF 300 pesos?<\/p>\n\n\n\n<p>Actualmente Rosa tiene con ella a 2 de sus hijos. El tercero se qued\u00f3 con su pap\u00e1. \u201cNo me pasa nada para mis hijos\u201d. Le pregunto si fue al DIF para ver el seguimiento de su caso. \u201cS\u00ed fui, pero me dicen que ya no, y ni caso me hacen\u201d.<\/p>\n\n\n\n<p>Y luego nos preguntamos: \u00bfPor qu\u00e9 hay tantos feminicidios? Queda claro que no hay atenci\u00f3n para las mujeres que sufren violencia, mucho menos seguimiento por parte de nuestras autoridades, mucho menos si las municipales ya van de salida.<\/p>\n\n\n\n<p>El primero de febrero de este a\u00f1o&nbsp; en conferencia de prensa, el gobernador Cuitl\u00e1huac Garc\u00eda Jim\u00e9nez anunci\u00f3 la iniciativa de Ley para la Prevenci\u00f3n y Atenci\u00f3n de la Violencia Familiar, consistente en un sistema de Alerta Temprana (\u00fanico en el pa\u00eds) encaminado para identificar las situaciones de riesgo en el hogar para ser atendidas de manera inmediata por las instancias correspondientes, incluyendo municipios.<\/p>\n\n\n\n<p>El 27 de julio de este a\u00f1o, el gobernador de Veracruz anunci\u00f3 que quedaron instaladas las mesas t\u00e9cnicas de Coordinaci\u00f3n Institucional para garantizar acceso a la justicia y la atenci\u00f3n integral de mujeres y ni\u00f1as, previniendo la atenci\u00f3n, sanci\u00f3n y erradicaci\u00f3n de la violencia. Estuvieron presentes entre muchos otros, la titular de Inmujeres, Nadine Gasman Zylbermann, y el Subsecretario de Derechos Humanos, Poblaci\u00f3n y Migraci\u00f3n, Alejandro Encinas Rodr\u00edguez.<\/p>\n\n\n\n<p>\u00bfPor qu\u00e9 si ya hay mesas instaladas, a Rosa le dicen en su ayuntamiento que ya no pueden atenderla?<\/p>\n\n\n\n<p>Este es solo un caso de lo que viven millones de mujeres en nuestro pa\u00eds. \u00a1No las abandonemos!<\/p>\n\n\n\n<p>@NumerosRojos_BC<\/p>\n\n\n\n<p><a href=\"mailto:caballero_brenda@hotmail.com\" target=\"_blank\" rel=\"noreferrer noopener\">caballero_brenda@hotmail.com<\/a><\/p>\n","protected":false},"excerpt":{"rendered":"<p>N\u00fameros Rojos Brenda Caballero \u00a1Tiene 20 d\u00edas que me demand\u00f3! Al escucharla, no pod\u00eda creerlo. El hombre que hasta hace apenas un a\u00f1o la atosigaba y violentaba, ahora la estaba demandando. Aparte le exig\u00eda pensi\u00f3n para sus 2 hijos que lo fueron a visitar y ya no los devolvi\u00f3 a su madre. Rosa, as\u00ed la [&hellip;]<\/p>\n","protected":false},"author":1,"featured_media":387,"comment_status":"open","ping_status":"open","sticky":false,"template":"","format":"standard","meta":{"_jetpack_memberships_contains_paid_content":false,"footnotes":""},"categories":[11],"tags":[],"class_list":["post-18335","post","type-post","status-publish","format-standard","has-post-thumbnail","hentry","category-opinion"],"jetpack_featured_media_url":"https:\/\/encuentroinformativo.com.mx\/wp-content\/uploads\/2020\/03\/7CF8A22B-2764-47BE-8F7F-38FE9E5D6A2F.jpeg","jetpack_sharing_enabled":true,"jetpack_likes_enabled":true,"amp_enabled":true,"_links":{"self":[{"href":"https:\/\/encuentroinformativo.com.mx\/index.php?rest_route=\/wp\/v2\/posts\/18335","targetHints":{"allow":["GET"]}}],"collection":[{"href":"https:\/\/encuentroinformativo.com.mx\/index.php?rest_route=\/wp\/v2\/posts"}],"about":[{"href":"https:\/\/encuentroinformativo.com.mx\/index.php?rest_route=\/wp\/v2\/types\/post"}],"author":[{"embeddable":true,"href":"https:\/\/encuentroinformativo.com.mx\/index.php?rest_route=\/wp\/v2\/users\/1"}],"replies":[{"embeddable":true,"href":"https:\/\/encuentroinformativo.com.mx\/index.php?rest_route=%2Fwp%2Fv2%2Fcomments&post=18335"}],"version-history":[{"count":1,"href":"https:\/\/encuentroinformativo.com.mx\/index.php?rest_route=\/wp\/v2\/posts\/18335\/revisions"}],"predecessor-version":[{"id":18336,"href":"https:\/\/encuentroinformativo.com.mx\/index.php?rest_route=\/wp\/v2\/posts\/18335\/revisions\/18336"}],"wp:featuredmedia":[{"embeddable":true,"href":"https:\/\/encuentroinformativo.com.mx\/index.php?rest_route=\/wp\/v2\/media\/387"}],"wp:attachment":[{"href":"https:\/\/encuentroinformativo.com.mx\/index.php?rest_route=%2Fwp%2Fv2%2Fmedia&parent=18335"}],"wp:term":[{"taxonomy":"category","embeddable":true,"href":"https:\/\/encuentroinformativo.com.mx\/index.php?rest_route=%2Fwp%2Fv2%2Fcategories&post=18335"},{"taxonomy":"post_tag","embeddable":true,"href":"https:\/\/encuentroinformativo.com.mx\/index.php?rest_route=%2Fwp%2Fv2%2Ftags&post=18335"}],"curies":[{"name":"wp","href":"https:\/\/api.w.org\/{rel}","templated":true}]}}