{"id":18337,"date":"2021-09-13T13:39:43","date_gmt":"2021-09-13T18:39:43","guid":{"rendered":"https:\/\/encuentroinformativo.com.mx\/?p=18337"},"modified":"2021-09-13T13:39:47","modified_gmt":"2021-09-13T18:39:47","slug":"respaldan-evangelicos-protestas-contra-suprema-corte","status":"publish","type":"post","link":"https:\/\/encuentroinformativo.com.mx\/?p=18337","title":{"rendered":"Respaldan evang\u00e9licos protestas contra Suprema Corte"},"content":{"rendered":"\n<p><strong>Dar\u00edo Pale<\/strong> <\/p>\n\n\n\n<p>Xalapa, Ver.- El presidente de la Red Evang\u00e9lica del estado de Veracruz Guillermo Trujillo \u00c1lvarez dio a conocer que rechazan el dictamen de la Suprema Corte de justicia de la Naci\u00f3n (SCJN), en cuanto a la despenalizaci\u00f3n del aborto, pero que no hagan leyes para defenderlas.<\/p>\n\n\n\n<p>En conferencia de prensa realizada en conocido caf\u00e9 del centro de Xalapa, se\u00f1alo que cuatro ministros evang\u00e9licos fallecieron en el estado de Veracruz, esto derivado de la tercera ola de Covid-19.<\/p>\n\n\n\n<p>\u201cO sea que ahorita hemos tenido m\u00e1s de 50 ministros evang\u00e9licos que han muerto por Covid desde que empez\u00f3 la pandemia\u201d, inform\u00f3.<\/p>\n\n\n\n<p>Dio a conocer que lamentablemente la tercera ola es \u201cbastante fuerte\u201d y golpea con m\u00e1s agresividad a los j\u00f3venes, con mayores complicaciones a su salud, por lo que los templos evang\u00e9licos acatan las disposiciones de las autoridades en cuanto a restricciones, en medio de la Tercer Ola la Red reporta una mayor actividad en los centros de congregaci\u00f3n.<\/p>\n\n\n\n<p>\u201cS\u00ed hubo un aumento de gente que quiso participar m\u00e1s (en la iglesia) porque vemos que la gente est\u00e1 necesitada m\u00e1s de un apoyo moral, espiritual\u201d, coment\u00f3.<\/p>\n\n\n\n<p>En otro orden de ideas, dio a conocer que tambi\u00e9n se suman al reclamo y manifestaci\u00f3n pac\u00edfica que hacen los grupos a favor de la vida en contra el dictamen de la Suprema Corte de Justicia de la Naci\u00f3n con la despenalizaci\u00f3n del aborto.<\/p>\n\n\n\n<p>\u201cEstamos en contra que las mujeres sean presas, se les lleve un proceso o se les encarcele, nos somos nadie para condenarlas, pero es una contradicci\u00f3n cuando tenemos miles y miles de mujeres muertas por feminicidio, las violentan, las matan, las desaparecen, no hacen leyes para eso y es incongruente\u201d, se\u00f1al\u00f3.<\/p>\n\n\n\n<p>Dio a conocer que es incongruente que hagan leyes para que les permita abortar pero no las hagan para defenderlas, detall\u00f3 que hay un promedio diario de 10 feminicidios cometidos en el pa\u00eds, adem\u00e1s de que la brecha de desigualdad sigue siendo la misma, no tienen los mismos ingresos econ\u00f3micos, no tienen accesos a los mismos cargos que los hombres, entre otros.<\/p>\n\n\n\n<p>Por ello, opin\u00f3 que se est\u00e1n vendiendo espejitos criminales, porque ellos siguen sosteniendo que el aborto es un crimen, porque adem\u00e1s nadie habla del derecho del no nacido.<\/p>\n\n\n\n<p>Finalmente el presidente de la Red lament\u00f3 que por otra parte se quiera vender un discurso de odio en el sentido de que las iglesias est\u00e1n contra las mujeres, porque no es cierto.<\/p>\n\n\n\n<p><\/p>\n","protected":false},"excerpt":{"rendered":"<p>Dar\u00edo Pale Xalapa, Ver.- El presidente de la Red Evang\u00e9lica del estado de Veracruz Guillermo Trujillo \u00c1lvarez dio a conocer que rechazan el dictamen de la Suprema Corte de justicia de la Naci\u00f3n (SCJN), en cuanto a la despenalizaci\u00f3n del aborto, pero que no hagan leyes para defenderlas. En conferencia de prensa realizada en conocido [&hellip;]<\/p>\n","protected":false},"author":1,"featured_media":18338,"comment_status":"open","ping_status":"open","sticky":false,"template":"","format":"standard","meta":{"_jetpack_memberships_contains_paid_content":false,"footnotes":""},"categories":[3],"tags":[],"class_list":["post-18337","post","type-post","status-publish","format-standard","has-post-thumbnail","hentry","category-xalapa"],"jetpack_featured_media_url":"https:\/\/encuentroinformativo.com.mx\/wp-content\/uploads\/2021\/09\/2BD0B2FA-EF38-4D24-8CC7-38CF249CB132.jpeg","jetpack_sharing_enabled":true,"jetpack_likes_enabled":true,"amp_enabled":true,"_links":{"self":[{"href":"https:\/\/encuentroinformativo.com.mx\/index.php?rest_route=\/wp\/v2\/posts\/18337","targetHints":{"allow":["GET"]}}],"collection":[{"href":"https:\/\/encuentroinformativo.com.mx\/index.php?rest_route=\/wp\/v2\/posts"}],"about":[{"href":"https:\/\/encuentroinformativo.com.mx\/index.php?rest_route=\/wp\/v2\/types\/post"}],"author":[{"embeddable":true,"href":"https:\/\/encuentroinformativo.com.mx\/index.php?rest_route=\/wp\/v2\/users\/1"}],"replies":[{"embeddable":true,"href":"https:\/\/encuentroinformativo.com.mx\/index.php?rest_route=%2Fwp%2Fv2%2Fcomments&post=18337"}],"version-history":[{"count":1,"href":"https:\/\/encuentroinformativo.com.mx\/index.php?rest_route=\/wp\/v2\/posts\/18337\/revisions"}],"predecessor-version":[{"id":18339,"href":"https:\/\/encuentroinformativo.com.mx\/index.php?rest_route=\/wp\/v2\/posts\/18337\/revisions\/18339"}],"wp:featuredmedia":[{"embeddable":true,"href":"https:\/\/encuentroinformativo.com.mx\/index.php?rest_route=\/wp\/v2\/media\/18338"}],"wp:attachment":[{"href":"https:\/\/encuentroinformativo.com.mx\/index.php?rest_route=%2Fwp%2Fv2%2Fmedia&parent=18337"}],"wp:term":[{"taxonomy":"category","embeddable":true,"href":"https:\/\/encuentroinformativo.com.mx\/index.php?rest_route=%2Fwp%2Fv2%2Fcategories&post=18337"},{"taxonomy":"post_tag","embeddable":true,"href":"https:\/\/encuentroinformativo.com.mx\/index.php?rest_route=%2Fwp%2Fv2%2Ftags&post=18337"}],"curies":[{"name":"wp","href":"https:\/\/api.w.org\/{rel}","templated":true}]}}