{"id":18346,"date":"2021-09-13T14:14:58","date_gmt":"2021-09-13T19:14:58","guid":{"rendered":"https:\/\/encuentroinformativo.com.mx\/?p=18346"},"modified":"2021-09-13T14:15:01","modified_gmt":"2021-09-13T19:15:01","slug":"aumentan-tarifas-de-agua-en-medellin-de-bravo-alcalde-culpa-a-ediles","status":"publish","type":"post","link":"https:\/\/encuentroinformativo.com.mx\/?p=18346","title":{"rendered":"Aumentan tarifas de agua en Medell\u00edn de Bravo, alcalde culpa a ediles"},"content":{"rendered":"\n<p><strong>Alejandro \u00c1vila<\/strong><\/p>\n\n\n\n<p>Veracruz, Ver. \u2013 A pesar de la dif\u00edcil situaci\u00f3n que viven los medellinenses por la pandemia de COVID-19, la falta de empleo, entre otras situaciones, el Ayuntamiento de Medell\u00edn de Bravo aprob\u00f3 el aumento a la tarifa del agua en los fraccionamientos Puente Moreno y Lagos de Puente Moreno.<\/p>\n\n\n\n<p>El pasado 6 de agosto se llev\u00f3 a cabo una sesi\u00f3n de Cabildo, donde uno de los puntos era la solicitud de la Urbanizadora Medell\u00edn S.A. de C.V. para incrementar el cobro por el servicio de agua potable, alcantarillado y drenaje, misma que fue aprobada por los regidores del Partido Verde Ecologista, se\u00f1al\u00f3 el alcalde Hip\u00f3lito Deschamps Espino Barros en video subido a sus redes sociales.<\/p>\n\n\n\n<p>Reina Esther Rodr\u00edguez Valenzuela y Dominico Romero Lara, aprobaron un aumento en las tarifas de agua potable en los fraccionamientos Lagos de Puente Moreno y Puente Moreno, acus\u00f3 el edil panista quien se\u00f1al\u00f3, \u201ces la primera traici\u00f3n al pueblo que juraron defender\u201d.<\/p>\n\n\n\n<p>\u201cDesapruebo esta vil forma de hacer pol\u00edtica, porque est\u00e1 cimentada en el enga\u00f1o y la falta de transparencia con la ciudadan\u00eda; repruebo rotundamente este atentado en contra de la econom\u00eda de los medellinenses&#8221;, agreg\u00f3 el edil.<\/p>\n\n\n\n<p>En el video, expone que esta aprobaci\u00f3n se debe a una estrategia pol\u00edtica, donde se pretende echarle la culpa al Ayuntamiento que preside de generar el aumento.<\/p>\n\n\n\n<p>\u201cPretenden echarme la culpa a m\u00ed, para que la ciudadan\u00eda crea que el gobierno de Polo Deschamps aprob\u00f3 ese aumento al precio del suministro del vital l\u00edquido, eso es lo que ya est\u00e1n diciendo en los circuitos; aclaro, yo no vot\u00e9 a favor del incremento, en las actas de cabildo est\u00e1 asentado mi voto en contra y quienes lo aprobaron fueron los ediles Reina Esther Rodr\u00edguez Valenzuela y Dominico Romero Lara&#8221;, enfatiz\u00f3 el alcalde de Medell\u00edn de Bravo.<\/p>\n\n\n\n<p>Finalmente, Deschamps Espino Barros, dijo que est\u00e1n analizando la forma legal para revertir el aumento ya que, por ley, \u00e9l est\u00e1 obligado a respetar los acuerdos que se realicen en Cabildo y aceptar la mayor\u00eda a la que lleguen los representantes del cuerpo edilicio.<\/p>\n\n\n\n<p>\u201cLo hago en contra de mi convicci\u00f3n que tengo con cada uno de ustedes de hablarles de frente y con la verdad y no a escondidas como lo hacen quienes hoy traicionan al pueblo que se ofrecieron a defender&#8221;, remarc\u00f3 el panista.<\/p>\n","protected":false},"excerpt":{"rendered":"<p>Alejandro \u00c1vila Veracruz, Ver. \u2013 A pesar de la dif\u00edcil situaci\u00f3n que viven los medellinenses por la pandemia de COVID-19, la falta de empleo, entre otras situaciones, el Ayuntamiento de Medell\u00edn de Bravo aprob\u00f3 el aumento a la tarifa del agua en los fraccionamientos Puente Moreno y Lagos de Puente Moreno. El pasado 6 de [&hellip;]<\/p>\n","protected":false},"author":1,"featured_media":18347,"comment_status":"open","ping_status":"open","sticky":false,"template":"","format":"standard","meta":{"_jetpack_memberships_contains_paid_content":false,"footnotes":""},"categories":[2],"tags":[],"class_list":["post-18346","post","type-post","status-publish","format-standard","has-post-thumbnail","hentry","category-estado"],"jetpack_featured_media_url":"https:\/\/encuentroinformativo.com.mx\/wp-content\/uploads\/2021\/09\/A5545163-6B24-4D14-ABA2-7B279953003A.jpeg","jetpack_sharing_enabled":true,"jetpack_likes_enabled":true,"amp_enabled":true,"_links":{"self":[{"href":"https:\/\/encuentroinformativo.com.mx\/index.php?rest_route=\/wp\/v2\/posts\/18346","targetHints":{"allow":["GET"]}}],"collection":[{"href":"https:\/\/encuentroinformativo.com.mx\/index.php?rest_route=\/wp\/v2\/posts"}],"about":[{"href":"https:\/\/encuentroinformativo.com.mx\/index.php?rest_route=\/wp\/v2\/types\/post"}],"author":[{"embeddable":true,"href":"https:\/\/encuentroinformativo.com.mx\/index.php?rest_route=\/wp\/v2\/users\/1"}],"replies":[{"embeddable":true,"href":"https:\/\/encuentroinformativo.com.mx\/index.php?rest_route=%2Fwp%2Fv2%2Fcomments&post=18346"}],"version-history":[{"count":1,"href":"https:\/\/encuentroinformativo.com.mx\/index.php?rest_route=\/wp\/v2\/posts\/18346\/revisions"}],"predecessor-version":[{"id":18348,"href":"https:\/\/encuentroinformativo.com.mx\/index.php?rest_route=\/wp\/v2\/posts\/18346\/revisions\/18348"}],"wp:featuredmedia":[{"embeddable":true,"href":"https:\/\/encuentroinformativo.com.mx\/index.php?rest_route=\/wp\/v2\/media\/18347"}],"wp:attachment":[{"href":"https:\/\/encuentroinformativo.com.mx\/index.php?rest_route=%2Fwp%2Fv2%2Fmedia&parent=18346"}],"wp:term":[{"taxonomy":"category","embeddable":true,"href":"https:\/\/encuentroinformativo.com.mx\/index.php?rest_route=%2Fwp%2Fv2%2Fcategories&post=18346"},{"taxonomy":"post_tag","embeddable":true,"href":"https:\/\/encuentroinformativo.com.mx\/index.php?rest_route=%2Fwp%2Fv2%2Ftags&post=18346"}],"curies":[{"name":"wp","href":"https:\/\/api.w.org\/{rel}","templated":true}]}}