{"id":18349,"date":"2021-09-13T14:22:27","date_gmt":"2021-09-13T19:22:27","guid":{"rendered":"https:\/\/encuentroinformativo.com.mx\/?p=18349"},"modified":"2021-09-13T14:22:31","modified_gmt":"2021-09-13T19:22:31","slug":"acusan-al-imss-de-presunta-negligencia-medica","status":"publish","type":"post","link":"https:\/\/encuentroinformativo.com.mx\/?p=18349","title":{"rendered":"Acusan al IMSS de presunta negligencia m\u00e9dica"},"content":{"rendered":"\n<p><strong>Alejandro \u00c1vila<\/strong><\/p>\n\n\n\n<p>Veracruz, Ver.-  La familia Reyna Vela, acus\u00f3 al Instituto Mexicano del Seguro Social (IMSS) de presunta negligencia m\u00e9dica, por lo que tuvieron que llevar a su hijo a un hospital privado, donde el costo de su estancia y tratamiento increment\u00f3 dr\u00e1sticamente, motivo por el cual piden que la dependencia federal se haga responsable de los gastos.<\/p>\n\n\n\n<p>Juan Luis Reyna Vergara, relat\u00f3 que su hijo, Antonio Reyna Vela quien padece Linfoma de Hodking perdi\u00f3 la vista desde hace algunos d\u00edas, debido a la falta de atenci\u00f3n en el IMSS, ya que los resultados de los an\u00e1lisis que se le realizaron llegaron con m\u00e1s de un mes de retraso, lo que afect\u00f3 su salud, debido a que no recibi\u00f3 el tratamiento a tiempo.<\/p>\n\n\n\n<p>\u201cEl 20 de junio ingresa a la cl\u00ednica de D\u00edaz Mir\u00f3n hacen una tomograf\u00eda de est\u00f3mago y arroja una masa, le mandan a hacer una biopsia, y los resultados llegan hasta el 12 de agosto, un mes despu\u00e9s\u201d, subray\u00f3.<\/p>\n\n\n\n<p>Se\u00f1al\u00f3 que, tras la demora, todav\u00eda le mencionaron que la biopsia se hizo mal y que deb\u00edan realizarle otra, por lo que lo tuvieron d\u00edas en ayuno y cuando fueron a preguntar a los m\u00e9dicos, est\u00e1 ni siquiera estaba programada, retrasando as\u00ed su dictamen e inicio de tratamiento de quimioterapia; fue ah\u00ed cuando decidieron sacar a su hijo del IMSS y trasladarlo a un hospital privado.<\/p>\n\n\n\n<p>Ante esto, el padre del joven exige a IMSS hacerse responsable de los gastos m\u00e9dicos de su hijo y otorgarle una peque\u00f1a pensi\u00f3n mientras que el joven recupera la vista, ya que dijo ese s\u00edntoma lo present\u00f3 desde que ingres\u00f3 la primera vez al IMSS.<\/p>\n\n\n\n<p>\u201cYo pido que el seguro se haga responsable por la negligencia de parte del IMSS (\u2026) Perdi\u00f3 la vista por completo (\u2026) Todav\u00eda no hay un dictamen y esos s\u00edntomas los present\u00f3 la primera vez y eso no se lo vieron y no hubo atenci\u00f3n\u201d.<\/p>\n","protected":false},"excerpt":{"rendered":"<p>Alejandro \u00c1vila Veracruz, Ver.- La familia Reyna Vela, acus\u00f3 al Instituto Mexicano del Seguro Social (IMSS) de presunta negligencia m\u00e9dica, por lo que tuvieron que llevar a su hijo a un hospital privado, donde el costo de su estancia y tratamiento increment\u00f3 dr\u00e1sticamente, motivo por el cual piden que la dependencia federal se haga responsable [&hellip;]<\/p>\n","protected":false},"author":1,"featured_media":18350,"comment_status":"open","ping_status":"open","sticky":false,"template":"","format":"standard","meta":{"_jetpack_memberships_contains_paid_content":false,"footnotes":""},"categories":[9],"tags":[],"class_list":["post-18349","post","type-post","status-publish","format-standard","has-post-thumbnail","hentry","category-salud"],"jetpack_featured_media_url":"https:\/\/encuentroinformativo.com.mx\/wp-content\/uploads\/2021\/09\/A8017E8B-72DC-48E2-8B2C-5C043FD2DA5A.jpeg","jetpack_sharing_enabled":true,"jetpack_likes_enabled":true,"amp_enabled":true,"_links":{"self":[{"href":"https:\/\/encuentroinformativo.com.mx\/index.php?rest_route=\/wp\/v2\/posts\/18349","targetHints":{"allow":["GET"]}}],"collection":[{"href":"https:\/\/encuentroinformativo.com.mx\/index.php?rest_route=\/wp\/v2\/posts"}],"about":[{"href":"https:\/\/encuentroinformativo.com.mx\/index.php?rest_route=\/wp\/v2\/types\/post"}],"author":[{"embeddable":true,"href":"https:\/\/encuentroinformativo.com.mx\/index.php?rest_route=\/wp\/v2\/users\/1"}],"replies":[{"embeddable":true,"href":"https:\/\/encuentroinformativo.com.mx\/index.php?rest_route=%2Fwp%2Fv2%2Fcomments&post=18349"}],"version-history":[{"count":1,"href":"https:\/\/encuentroinformativo.com.mx\/index.php?rest_route=\/wp\/v2\/posts\/18349\/revisions"}],"predecessor-version":[{"id":18351,"href":"https:\/\/encuentroinformativo.com.mx\/index.php?rest_route=\/wp\/v2\/posts\/18349\/revisions\/18351"}],"wp:featuredmedia":[{"embeddable":true,"href":"https:\/\/encuentroinformativo.com.mx\/index.php?rest_route=\/wp\/v2\/media\/18350"}],"wp:attachment":[{"href":"https:\/\/encuentroinformativo.com.mx\/index.php?rest_route=%2Fwp%2Fv2%2Fmedia&parent=18349"}],"wp:term":[{"taxonomy":"category","embeddable":true,"href":"https:\/\/encuentroinformativo.com.mx\/index.php?rest_route=%2Fwp%2Fv2%2Fcategories&post=18349"},{"taxonomy":"post_tag","embeddable":true,"href":"https:\/\/encuentroinformativo.com.mx\/index.php?rest_route=%2Fwp%2Fv2%2Ftags&post=18349"}],"curies":[{"name":"wp","href":"https:\/\/api.w.org\/{rel}","templated":true}]}}