{"id":1835,"date":"2020-04-14T13:09:36","date_gmt":"2020-04-14T18:09:36","guid":{"rendered":"https:\/\/encuentroinformativo.com\/?p=1835"},"modified":"2020-04-14T13:09:39","modified_gmt":"2020-04-14T18:09:39","slug":"diputado-mantiene-dialogo-con-habitantes-de-jilotepec","status":"publish","type":"post","link":"https:\/\/encuentroinformativo.com.mx\/?p=1835","title":{"rendered":"Diputado mantiene di\u00e1logo  con habitantes de Jilotepec"},"content":{"rendered":"\n<p>Jilotepec, Ver.- Cuidando las medidas de sana distancia,  se dio  seguimiento al di\u00e1logo con pobladores de La Concepci\u00f3n, ante el problema de falta de  agua que enfrentan los vecinos de Las Lomas, que  desde hace m\u00e1s de un mes,  padecen la escases del vital liquido debido a la falta de lluvia.<\/p>\n\n\n\n<p>El Diputado de Misantla, Carlos Jim\u00e9nez, El potrillo, expres\u00f3 a los asistentes la situaci\u00f3n de emergencia que viven sus vesinos, &#8220;los manantiales se secaron y est\u00e1n pidiendo el apoyo para que de manera controlada les puedan dar un poco de  agua,  es una situaci\u00f3n de emergencia donde el presidente municipal los esta apoyando con pipas, pero no hay suficientes para abastecer, por eso se les pide que apoyen en estos meses de estiaje, mientras se buscan alternativas para solucionar el problema&#8221;.<\/p>\n\n\n\n<p>Pobladores de los Barrios de la Concepci\u00f3n manifestaron a trav\u00e9s de sus representantes, que el derrame con el que ellos abastecen sus viviendas es insuficiente, ya que solo les llega el agua una hora al dia,  por esta raz\u00f3n no est\u00e1n de acuerdo en que se apoye a los vecinos de Las Lomas, que son 800 habitantes mientras ellos son 2 mil 500.<\/p>\n\n\n\n<p>Ante la respuesta de los ciudadanos de la Concepci\u00f3n el representante Distrital coment\u00f3 que se buscar\u00e1 la forma de segir apoyando a los amigos de Las Lomas y  de forma coordinada dar seguimiento puntual a  las gestiones del presidente municipal Sergio Fern\u00e1ndez Lara, ante la CONAGUA, para que en esta emergencia se apoye con pipas para abastecer  a la comunidad de  Las Lomas, de la misma manera en el caso de las gestiones que se hagan ante las distintas dependencias Estatales y Federales,  para lograr una soluci\u00f3n permanente a este problema que cada a\u00f1o se acent\u00faa en todo el territorio veracruzano. <\/p>\n\n\n\n<p>En esta reuni\u00f3n estuvieron presentes, el Secretario del Ayuntamiento, Biol\u00f3go Faustino Mendoza, el  Sr. Lorenzo Basurto, Agente municipal, el presidente del comit\u00e9 de Agua el Sr. Humberto Hern\u00e1ndez Callejas, los representantes de los Barrios, Adolfo Lopez Mateos, Zaragoza, Privada Reforma, Caja chica, 5 de mayo, Barrio del mercado, Barrio de la mesa, La caja de santa teresita y el Arq. Miguel Angel Lozano Laez, Asesor t\u00e9cnico del FICCOIA (Fideicomiso Sindicato Nacional Azucarero).<\/p>\n","protected":false},"excerpt":{"rendered":"<p>Jilotepec, Ver.- Cuidando las medidas de sana distancia, se dio seguimiento al di\u00e1logo con pobladores de La Concepci\u00f3n, ante el problema de falta de agua que enfrentan los vecinos de Las Lomas, que desde hace m\u00e1s de un mes, padecen la escases del vital liquido debido a la falta de lluvia. El Diputado de Misantla, [&hellip;]<\/p>\n","protected":false},"author":1,"featured_media":1836,"comment_status":"open","ping_status":"open","sticky":false,"template":"","format":"standard","meta":{"_jetpack_memberships_contains_paid_content":false,"footnotes":""},"categories":[2],"tags":[],"class_list":["post-1835","post","type-post","status-publish","format-standard","has-post-thumbnail","hentry","category-estado"],"jetpack_featured_media_url":"https:\/\/encuentroinformativo.com.mx\/wp-content\/uploads\/2020\/04\/5076D6FD-EBAC-42EC-85A5-7A1692093C0E.jpeg","jetpack_sharing_enabled":true,"jetpack_likes_enabled":true,"amp_enabled":true,"_links":{"self":[{"href":"https:\/\/encuentroinformativo.com.mx\/index.php?rest_route=\/wp\/v2\/posts\/1835","targetHints":{"allow":["GET"]}}],"collection":[{"href":"https:\/\/encuentroinformativo.com.mx\/index.php?rest_route=\/wp\/v2\/posts"}],"about":[{"href":"https:\/\/encuentroinformativo.com.mx\/index.php?rest_route=\/wp\/v2\/types\/post"}],"author":[{"embeddable":true,"href":"https:\/\/encuentroinformativo.com.mx\/index.php?rest_route=\/wp\/v2\/users\/1"}],"replies":[{"embeddable":true,"href":"https:\/\/encuentroinformativo.com.mx\/index.php?rest_route=%2Fwp%2Fv2%2Fcomments&post=1835"}],"version-history":[{"count":1,"href":"https:\/\/encuentroinformativo.com.mx\/index.php?rest_route=\/wp\/v2\/posts\/1835\/revisions"}],"predecessor-version":[{"id":1837,"href":"https:\/\/encuentroinformativo.com.mx\/index.php?rest_route=\/wp\/v2\/posts\/1835\/revisions\/1837"}],"wp:featuredmedia":[{"embeddable":true,"href":"https:\/\/encuentroinformativo.com.mx\/index.php?rest_route=\/wp\/v2\/media\/1836"}],"wp:attachment":[{"href":"https:\/\/encuentroinformativo.com.mx\/index.php?rest_route=%2Fwp%2Fv2%2Fmedia&parent=1835"}],"wp:term":[{"taxonomy":"category","embeddable":true,"href":"https:\/\/encuentroinformativo.com.mx\/index.php?rest_route=%2Fwp%2Fv2%2Fcategories&post=1835"},{"taxonomy":"post_tag","embeddable":true,"href":"https:\/\/encuentroinformativo.com.mx\/index.php?rest_route=%2Fwp%2Fv2%2Ftags&post=1835"}],"curies":[{"name":"wp","href":"https:\/\/api.w.org\/{rel}","templated":true}]}}