{"id":18353,"date":"2021-09-13T19:24:40","date_gmt":"2021-09-14T00:24:40","guid":{"rendered":"https:\/\/encuentroinformativo.com.mx\/?p=18353"},"modified":"2021-09-13T19:24:44","modified_gmt":"2021-09-14T00:24:44","slug":"impiden-a-payasitos-instalar-centro-de-acopio-en-cardel","status":"publish","type":"post","link":"https:\/\/encuentroinformativo.com.mx\/?p=18353","title":{"rendered":"Impiden a payasitos instalar centro de acopio en Cardel"},"content":{"rendered":"\n<p><strong>Juan Arcos <\/strong><\/p>\n\n\n\n<p>Xalapa, Ver.- Aurelio Garc\u00eda D\u00edaz, el payaso \u201cGuitarr\u00edn\u201d, protest\u00f3 frente a Palacio de Gobierno para solicitar al alcalde de La Antigua, Jos\u00e9 Cruz Lagunes S\u00e1nchez, que le permita instalar un centro de acopio para damnificados por el hurac\u00e1n \u201cGrace\u201d.<\/p>\n\n\n\n<p>El payaso es originario del municipio de Poza Rica de Hidalgo, pero radica en Cardel desde hace alg\u00fan tiempo.<\/p>\n\n\n\n<p>\u201cAmigos de Cardel y la regi\u00f3n los invitamos a donar v\u00edveres\u201d, se lee en una pancarta que sostuvo en Plaza Sebasti\u00e1n Lerdo de Tejada.<\/p>\n\n\n\n<p>Aurelio busca colectar v\u00edveres para posteriormente llevarlos a sus paisanos que se vieron afectados con el paso del fen\u00f3meno meteorol\u00f3gico, el 21 de agosto pasado, en la zona norte del Estado.<\/p>\n\n\n\n<p>Refiri\u00f3 que su campa\u00f1a lleva el nombre de \u201cHoy por ellos y ma\u00f1ana por nosotros\u201d, la cual tiene el objetivo de apoyar a las familias que perdieron todo su patrimonio por el hurac\u00e1n.<\/p>\n\n\n\n<p>\u201cLas p\u00e9rdidas son multimillonarias, sembrad\u00edos de ma\u00edz y frijol est\u00e1n en la basura, se perdi\u00f3 todo. Han llegado apoyos del gobierno federal y estatal pero son muy pocos, son diminutos\u201d.<\/p>\n\n\n\n<p>Mencion\u00f3 que a\u00fan hay personas que no han sido censadas por el gobierno federal para acceder a la ayuda humanitaria, a pesar de que ya pasaron m\u00e1s de 20 d\u00edas de que se registraron las afectaciones.<\/p>\n","protected":false},"excerpt":{"rendered":"<p>Juan Arcos Xalapa, Ver.- Aurelio Garc\u00eda D\u00edaz, el payaso \u201cGuitarr\u00edn\u201d, protest\u00f3 frente a Palacio de Gobierno para solicitar al alcalde de La Antigua, Jos\u00e9 Cruz Lagunes S\u00e1nchez, que le permita instalar un centro de acopio para damnificados por el hurac\u00e1n \u201cGrace\u201d. El payaso es originario del municipio de Poza Rica de Hidalgo, pero radica en [&hellip;]<\/p>\n","protected":false},"author":2476,"featured_media":18354,"comment_status":"open","ping_status":"open","sticky":false,"template":"","format":"standard","meta":{"_jetpack_memberships_contains_paid_content":false,"footnotes":""},"categories":[8],"tags":[],"class_list":["post-18353","post","type-post","status-publish","format-standard","has-post-thumbnail","hentry","category-region"],"jetpack_featured_media_url":"https:\/\/encuentroinformativo.com.mx\/wp-content\/uploads\/2021\/09\/771a37fa-5592-4193-986d-62d3dfde5eff.jpg","jetpack_sharing_enabled":true,"jetpack_likes_enabled":true,"amp_enabled":true,"_links":{"self":[{"href":"https:\/\/encuentroinformativo.com.mx\/index.php?rest_route=\/wp\/v2\/posts\/18353","targetHints":{"allow":["GET"]}}],"collection":[{"href":"https:\/\/encuentroinformativo.com.mx\/index.php?rest_route=\/wp\/v2\/posts"}],"about":[{"href":"https:\/\/encuentroinformativo.com.mx\/index.php?rest_route=\/wp\/v2\/types\/post"}],"author":[{"embeddable":true,"href":"https:\/\/encuentroinformativo.com.mx\/index.php?rest_route=\/wp\/v2\/users\/2476"}],"replies":[{"embeddable":true,"href":"https:\/\/encuentroinformativo.com.mx\/index.php?rest_route=%2Fwp%2Fv2%2Fcomments&post=18353"}],"version-history":[{"count":1,"href":"https:\/\/encuentroinformativo.com.mx\/index.php?rest_route=\/wp\/v2\/posts\/18353\/revisions"}],"predecessor-version":[{"id":18355,"href":"https:\/\/encuentroinformativo.com.mx\/index.php?rest_route=\/wp\/v2\/posts\/18353\/revisions\/18355"}],"wp:featuredmedia":[{"embeddable":true,"href":"https:\/\/encuentroinformativo.com.mx\/index.php?rest_route=\/wp\/v2\/media\/18354"}],"wp:attachment":[{"href":"https:\/\/encuentroinformativo.com.mx\/index.php?rest_route=%2Fwp%2Fv2%2Fmedia&parent=18353"}],"wp:term":[{"taxonomy":"category","embeddable":true,"href":"https:\/\/encuentroinformativo.com.mx\/index.php?rest_route=%2Fwp%2Fv2%2Fcategories&post=18353"},{"taxonomy":"post_tag","embeddable":true,"href":"https:\/\/encuentroinformativo.com.mx\/index.php?rest_route=%2Fwp%2Fv2%2Ftags&post=18353"}],"curies":[{"name":"wp","href":"https:\/\/api.w.org\/{rel}","templated":true}]}}