{"id":18356,"date":"2021-09-13T19:42:13","date_gmt":"2021-09-14T00:42:13","guid":{"rendered":"https:\/\/encuentroinformativo.com.mx\/?p=18356"},"modified":"2021-09-13T19:42:17","modified_gmt":"2021-09-14T00:42:17","slug":"aseguran-mas-de-200-migrantes-en-veracruz","status":"publish","type":"post","link":"https:\/\/encuentroinformativo.com.mx\/?p=18356","title":{"rendered":"Aseguran m\u00e1s de 200 migrantes en Veracruz"},"content":{"rendered":"\n<p><strong>*Haitianos se atrincheraron en autobus ADO<\/strong><\/p>\n\n\n\n<p><strong>Alejandro \u00c1vila<\/strong><\/p>\n\n\n\n<p>Veracruz, Ver.- Poco m\u00e1s de 200 migrantes fueron asegurados este lunes en el Estado de Veracruz cuando intentaban cruzar por la entidad en busca del &#8220;sue\u00f1o americano&#8221;; la mayor\u00eda provenientes de pa\u00edses de centroam\u00e9rica, aunque hab\u00eda un numeroso grupo de haitianos y algunos chilenos.<\/p>\n\n\n\n<p>De manera extra oficial se pudo conocer a trav\u00e9s del Instituto Nacional de Migraci\u00f3n con sede en Veracruz puerto que, fueron detenidos varios camiones de pasaje con migrantes en Coatzacoalcos, 3 en Tuxpan, 1 en C\u00f3rdoba y dos en la carretera cuando pasaban por la caseta de La Antigua y otro La Tinaja.<\/p>\n\n\n\n<p>Este \u00faltimo proveniente de Coatzacoalcos y con n\u00famero econ\u00f3mico 0306, llevaba cerca de 30 migrantes haitianos entre ellos algunos menores de edad y mujeres, quienes se atrincheraron durante m\u00e1s de 3 horas en el autobus y no bajaron hasta que personal de la Comisi\u00f3n Nacional de los Derechos Humanos estuviera presente.<\/p>\n\n\n\n<p>El resto de los migrantes asegurados fueron trasladados tras realizar un papeleo previo a la Estaci\u00f3n Migrante de Acayucan para su posterior deportaci\u00f3n.<\/p>\n","protected":false},"excerpt":{"rendered":"<p>*Haitianos se atrincheraron en autobus ADO Alejandro \u00c1vila Veracruz, Ver.- Poco m\u00e1s de 200 migrantes fueron asegurados este lunes en el Estado de Veracruz cuando intentaban cruzar por la entidad en busca del &#8220;sue\u00f1o americano&#8221;; la mayor\u00eda provenientes de pa\u00edses de centroam\u00e9rica, aunque hab\u00eda un numeroso grupo de haitianos y algunos chilenos. De manera extra [&hellip;]<\/p>\n","protected":false},"author":1,"featured_media":18357,"comment_status":"open","ping_status":"open","sticky":false,"template":"","format":"standard","meta":{"_jetpack_memberships_contains_paid_content":false,"footnotes":""},"categories":[2],"tags":[],"class_list":["post-18356","post","type-post","status-publish","format-standard","has-post-thumbnail","hentry","category-estado"],"jetpack_featured_media_url":"https:\/\/encuentroinformativo.com.mx\/wp-content\/uploads\/2021\/09\/E79CDCB1-2F03-4E5C-B6AA-A4F6A7E390BB.jpeg","jetpack_sharing_enabled":true,"jetpack_likes_enabled":true,"amp_enabled":true,"_links":{"self":[{"href":"https:\/\/encuentroinformativo.com.mx\/index.php?rest_route=\/wp\/v2\/posts\/18356","targetHints":{"allow":["GET"]}}],"collection":[{"href":"https:\/\/encuentroinformativo.com.mx\/index.php?rest_route=\/wp\/v2\/posts"}],"about":[{"href":"https:\/\/encuentroinformativo.com.mx\/index.php?rest_route=\/wp\/v2\/types\/post"}],"author":[{"embeddable":true,"href":"https:\/\/encuentroinformativo.com.mx\/index.php?rest_route=\/wp\/v2\/users\/1"}],"replies":[{"embeddable":true,"href":"https:\/\/encuentroinformativo.com.mx\/index.php?rest_route=%2Fwp%2Fv2%2Fcomments&post=18356"}],"version-history":[{"count":1,"href":"https:\/\/encuentroinformativo.com.mx\/index.php?rest_route=\/wp\/v2\/posts\/18356\/revisions"}],"predecessor-version":[{"id":18358,"href":"https:\/\/encuentroinformativo.com.mx\/index.php?rest_route=\/wp\/v2\/posts\/18356\/revisions\/18358"}],"wp:featuredmedia":[{"embeddable":true,"href":"https:\/\/encuentroinformativo.com.mx\/index.php?rest_route=\/wp\/v2\/media\/18357"}],"wp:attachment":[{"href":"https:\/\/encuentroinformativo.com.mx\/index.php?rest_route=%2Fwp%2Fv2%2Fmedia&parent=18356"}],"wp:term":[{"taxonomy":"category","embeddable":true,"href":"https:\/\/encuentroinformativo.com.mx\/index.php?rest_route=%2Fwp%2Fv2%2Fcategories&post=18356"},{"taxonomy":"post_tag","embeddable":true,"href":"https:\/\/encuentroinformativo.com.mx\/index.php?rest_route=%2Fwp%2Fv2%2Ftags&post=18356"}],"curies":[{"name":"wp","href":"https:\/\/api.w.org\/{rel}","templated":true}]}}