{"id":18364,"date":"2021-09-14T12:12:06","date_gmt":"2021-09-14T17:12:06","guid":{"rendered":"https:\/\/encuentroinformativo.com.mx\/?p=18364"},"modified":"2021-09-14T12:12:09","modified_gmt":"2021-09-14T17:12:09","slug":"docentes-de-uxpanapa-reclaman-pagos-pendientes","status":"publish","type":"post","link":"https:\/\/encuentroinformativo.com.mx\/?p=18364","title":{"rendered":"Docentes de Uxpanapa reclaman pagos pendientes"},"content":{"rendered":"\n<p><strong>Juan Arcos\/Dar\u00edo Pale <\/strong><\/p>\n\n\n\n<p>Xalapa, Ver.- Docentes del municipio de Uxpanapa protestaron frente a Palacio de Gobierno para exigir el pago de las dos quincenas correspondientes al mes de agosto.<\/p>\n\n\n\n<p>Se trata de 248 profesores de educaci\u00f3n b\u00e1sica en comunidades ind\u00edgenas de la zona sur del estado de Veracruz, que est\u00e1n siendo afectados por dicha situaci\u00f3n.<\/p>\n\n\n\n<p>De acuerdo con Lizbeth Castro Morales, secretaria de Organizaci\u00f3n de la secci\u00f3n 32 del Sindicato Nacional de Trabajadores de la Educaci\u00f3n (SNTE), les adeudan las quincenas n\u00famero 16 y 17 de este a\u00f1o.<\/p>\n\n\n\n<p>La entrevistada detall\u00f3 que el pago no se ha realizado debido a un problema en el tabulador, pues el Fondo de Aportaciones para la N\u00f3mina Educativa (FONE) pretende bajarlos de nivel.<\/p>\n\n\n\n<p>\u201cEso est\u00e1 planteando el FONE, que sin quienes distribuyen el dinero aunque la Secretar\u00eda hace la n\u00f3mina, ese es el argumento que nos est\u00e1n dando, encontraron la soluci\u00f3n de no pagarles\u201d.<\/p>\n\n\n\n<p>A\u00f1adi\u00f3 que los docentes llevan alrededor de 35 a\u00f1os cobrando el tabulador n\u00famero 3, pero las autoridades educativas buscan bajarlos al tabulador 2.<\/p>\n\n\n\n<p>\u201cNo estamos aceptando eso, porque no puede ser, estamos apoy\u00e1ndolos, hemos tenido pl\u00e1ticas con la Secretar\u00eda para que sean liberados los pagos\u201d.\u00a0<\/p>\n\n\n\n<p>Los profesores viajaron m\u00e1s de diez horas para manifestarse en la capital del estado, en rechazo a que pretendan reducir su salario en un 30 por ciento.<\/p>\n\n\n\n<p>Del mismo modo, Mirna Yoli Morales M\u00e9ndez, supervisora escolar de la zona 639, del nivel de primarias de educaci\u00f3n ind\u00edgena lament\u00f3 que ni el secretario de Educaci\u00f3n en Veracruz u otro funcionario de la SEV les haya explicado el motivo de la retenci\u00f3n de su salario.<\/p>\n\n\n\n<p>&#8220;La Secretar\u00eda hasta el momento no nos ha comunicado cu\u00e1l fue el motivo por el que nos detuvo los pagos de la quincena del 30 de agosto. Hoy venimos con toda la base a protestar ac\u00e1. Hasta el momento no hay ninguna respuesta&#8221;, coment\u00f3.<\/p>\n\n\n\n<p>Tan solo en la regi\u00f3n del Uxpanapa son alrededor de 200 docentes de distintos niveles de educaci\u00f3n b\u00e1sica ind\u00edgena los afectados, primarias, secundarias t\u00e9cnicas entre otros.<\/p>\n\n\n\n<p>&#8220;Nunca faltamos a nuestro trabajo, por ese motivo protestamos, porque el secretario nos est\u00e1 violando los derechos laborales que tenemos. Tengo 36 a\u00f1os de servicio y hasta el momento no se me ha comunicado cu\u00e1l es el motivo por el que se me detuvo mi pago&#8221;, acus\u00f3.<\/p>\n","protected":false},"excerpt":{"rendered":"<p>Juan Arcos\/Dar\u00edo Pale Xalapa, Ver.- Docentes del municipio de Uxpanapa protestaron frente a Palacio de Gobierno para exigir el pago de las dos quincenas correspondientes al mes de agosto. Se trata de 248 profesores de educaci\u00f3n b\u00e1sica en comunidades ind\u00edgenas de la zona sur del estado de Veracruz, que est\u00e1n siendo afectados por dicha situaci\u00f3n. [&hellip;]<\/p>\n","protected":false},"author":1,"featured_media":18365,"comment_status":"open","ping_status":"open","sticky":false,"template":"","format":"standard","meta":{"_jetpack_memberships_contains_paid_content":false,"footnotes":""},"categories":[2],"tags":[],"class_list":["post-18364","post","type-post","status-publish","format-standard","has-post-thumbnail","hentry","category-estado"],"jetpack_featured_media_url":"https:\/\/encuentroinformativo.com.mx\/wp-content\/uploads\/2021\/09\/83E7D62D-FABD-4A97-9906-44541E6D010D.jpeg","jetpack_sharing_enabled":true,"jetpack_likes_enabled":true,"amp_enabled":true,"_links":{"self":[{"href":"https:\/\/encuentroinformativo.com.mx\/index.php?rest_route=\/wp\/v2\/posts\/18364","targetHints":{"allow":["GET"]}}],"collection":[{"href":"https:\/\/encuentroinformativo.com.mx\/index.php?rest_route=\/wp\/v2\/posts"}],"about":[{"href":"https:\/\/encuentroinformativo.com.mx\/index.php?rest_route=\/wp\/v2\/types\/post"}],"author":[{"embeddable":true,"href":"https:\/\/encuentroinformativo.com.mx\/index.php?rest_route=\/wp\/v2\/users\/1"}],"replies":[{"embeddable":true,"href":"https:\/\/encuentroinformativo.com.mx\/index.php?rest_route=%2Fwp%2Fv2%2Fcomments&post=18364"}],"version-history":[{"count":1,"href":"https:\/\/encuentroinformativo.com.mx\/index.php?rest_route=\/wp\/v2\/posts\/18364\/revisions"}],"predecessor-version":[{"id":18366,"href":"https:\/\/encuentroinformativo.com.mx\/index.php?rest_route=\/wp\/v2\/posts\/18364\/revisions\/18366"}],"wp:featuredmedia":[{"embeddable":true,"href":"https:\/\/encuentroinformativo.com.mx\/index.php?rest_route=\/wp\/v2\/media\/18365"}],"wp:attachment":[{"href":"https:\/\/encuentroinformativo.com.mx\/index.php?rest_route=%2Fwp%2Fv2%2Fmedia&parent=18364"}],"wp:term":[{"taxonomy":"category","embeddable":true,"href":"https:\/\/encuentroinformativo.com.mx\/index.php?rest_route=%2Fwp%2Fv2%2Fcategories&post=18364"},{"taxonomy":"post_tag","embeddable":true,"href":"https:\/\/encuentroinformativo.com.mx\/index.php?rest_route=%2Fwp%2Fv2%2Ftags&post=18364"}],"curies":[{"name":"wp","href":"https:\/\/api.w.org\/{rel}","templated":true}]}}