{"id":18371,"date":"2021-09-14T12:45:20","date_gmt":"2021-09-14T17:45:20","guid":{"rendered":"https:\/\/encuentroinformativo.com.mx\/?p=18371"},"modified":"2021-09-14T12:45:24","modified_gmt":"2021-09-14T17:45:24","slug":"con-amparos-menores-de-edad-lograron-vacuna","status":"publish","type":"post","link":"https:\/\/encuentroinformativo.com.mx\/?p=18371","title":{"rendered":"Con amparos, menores de edad lograron vacuna"},"content":{"rendered":"\n<p><strong>Dar\u00edo Pale <\/strong><\/p>\n\n\n\n<p>Xalapa, Ver.- Este d\u00eda recibieron su primera dosis de vacunaci\u00f3n 12 menores de edad dos de estos representados por el abogado Amilcar Hanal Reyes Guerrero, esto a pesar de que el Gobernador dijo que no vacunar\u00edan a los menores que ganaron amparos.<\/p>\n\n\n\n<p>Entrevistado previo a la aplicaci\u00f3n de la vacuna en la jurisdicci\u00f3n sanitaria numero V, el litigante explic\u00f3 que el proceso para lograr la vacuna fue de aproximadamente 20 d\u00edas naturales, adem\u00e1s reconoci\u00f3 a las autoridades de la Secretar\u00eda de Salud, en especial al titular del \u00e1rea jur\u00eddica que ha estado pendiente de los amparos y de los ni\u00f1os.<\/p>\n\n\n\n<p>&#8220;Es la primera dosis, esperamos que hoy los m\u00e9dicos que vayan a aplicar la vacuna les indiquen a los padres de familia cuando tendr\u00e1n que regresar para la segunda dosis&#8221;, ya que la vacuna que les inocular\u00e1n es Pfizer.<\/p>\n\n\n\n<p>Destac\u00f3 que adem\u00e1s de los dos representados que este d\u00eda se vacunar\u00edan, su despacho tiene pendientes otros 15 amparos para que puedan recibir la vacuna, pero \u00a0poco a poco ir\u00e1n avanzando para que los dem\u00e1s tengan acceso a la vacuna, de manera que el estado jur\u00eddico que guarda cada pendiente ya permit\u00eda que SESVER tomara una decisi\u00f3n para aplicar la dosis.<\/p>\n\n\n\n<p>Reconoci\u00f3 que as\u00ed como se logr\u00f3 ganar los amparos para vacunar a estos dos menores, en otros distritos judiciales seguramente tendr\u00e1n que unificar criterios en materia de derechos humanos y no discriminaci\u00f3n para que m\u00e1s menores sean vacunados.<\/p>\n\n\n\n<p>El abogado Amilcar Hanal Reyes resalt\u00f3 que el costo aproximado para el tr\u00e1mite de los amparos anda en los 3 mil pesos, los padres de familia adem\u00e1s hicieron las fotocopias para poder hacer el traslado a todas las autoridades para lograr este objetivo.<\/p>\n\n\n\n<p>&#8220;Tendremos que verificar cu\u00e1l es el informe que den en las pr\u00f3ximas horas al juez de distrito, tengo entendido que hay un formato que est\u00e1n llenando los padres de familia. Van a firmar como una responsiva a efecto de que sus hijos puedan ser inoculados&#8221;, coment\u00f3.<\/p>\n\n\n\n<p>Asimismo, dijo que tienen que hacer el an\u00e1lisis jur\u00eddico de lo que contiene dicho documento para que en dado caso de que no est\u00e9n de acuerdo, presentar los medios legales para la defensa de ese documento.<\/p>\n\n\n\n<p>Finalmente cometo que, &#8220;lo cierto es que el gobierno federal, a trav\u00e9s de la COFEPRIS, ya ha emitido el criterio de que la vacuna Pfizer en sus dosis, es la vacuna autorizada para efectuar la vacunaci\u00f3n de los menores. Lo que puedan decir las dem\u00e1s autoridades es muy respetable, lo importante es que estemos informados&#8221;.<\/p>\n","protected":false},"excerpt":{"rendered":"<p>Dar\u00edo Pale Xalapa, Ver.- Este d\u00eda recibieron su primera dosis de vacunaci\u00f3n 12 menores de edad dos de estos representados por el abogado Amilcar Hanal Reyes Guerrero, esto a pesar de que el Gobernador dijo que no vacunar\u00edan a los menores que ganaron amparos. Entrevistado previo a la aplicaci\u00f3n de la vacuna en la jurisdicci\u00f3n [&hellip;]<\/p>\n","protected":false},"author":1,"featured_media":16277,"comment_status":"open","ping_status":"open","sticky":false,"template":"","format":"standard","meta":{"_jetpack_memberships_contains_paid_content":false,"footnotes":""},"categories":[9],"tags":[],"class_list":["post-18371","post","type-post","status-publish","format-standard","has-post-thumbnail","hentry","category-salud"],"jetpack_featured_media_url":"https:\/\/encuentroinformativo.com.mx\/wp-content\/uploads\/2021\/07\/FB7C4246-0969-4443-85CA-6EB376D5DA93.jpeg","jetpack_sharing_enabled":true,"jetpack_likes_enabled":true,"amp_enabled":true,"_links":{"self":[{"href":"https:\/\/encuentroinformativo.com.mx\/index.php?rest_route=\/wp\/v2\/posts\/18371","targetHints":{"allow":["GET"]}}],"collection":[{"href":"https:\/\/encuentroinformativo.com.mx\/index.php?rest_route=\/wp\/v2\/posts"}],"about":[{"href":"https:\/\/encuentroinformativo.com.mx\/index.php?rest_route=\/wp\/v2\/types\/post"}],"author":[{"embeddable":true,"href":"https:\/\/encuentroinformativo.com.mx\/index.php?rest_route=\/wp\/v2\/users\/1"}],"replies":[{"embeddable":true,"href":"https:\/\/encuentroinformativo.com.mx\/index.php?rest_route=%2Fwp%2Fv2%2Fcomments&post=18371"}],"version-history":[{"count":1,"href":"https:\/\/encuentroinformativo.com.mx\/index.php?rest_route=\/wp\/v2\/posts\/18371\/revisions"}],"predecessor-version":[{"id":18372,"href":"https:\/\/encuentroinformativo.com.mx\/index.php?rest_route=\/wp\/v2\/posts\/18371\/revisions\/18372"}],"wp:featuredmedia":[{"embeddable":true,"href":"https:\/\/encuentroinformativo.com.mx\/index.php?rest_route=\/wp\/v2\/media\/16277"}],"wp:attachment":[{"href":"https:\/\/encuentroinformativo.com.mx\/index.php?rest_route=%2Fwp%2Fv2%2Fmedia&parent=18371"}],"wp:term":[{"taxonomy":"category","embeddable":true,"href":"https:\/\/encuentroinformativo.com.mx\/index.php?rest_route=%2Fwp%2Fv2%2Fcategories&post=18371"},{"taxonomy":"post_tag","embeddable":true,"href":"https:\/\/encuentroinformativo.com.mx\/index.php?rest_route=%2Fwp%2Fv2%2Ftags&post=18371"}],"curies":[{"name":"wp","href":"https:\/\/api.w.org\/{rel}","templated":true}]}}