{"id":18376,"date":"2021-09-14T13:33:53","date_gmt":"2021-09-14T18:33:53","guid":{"rendered":"https:\/\/encuentroinformativo.com.mx\/?p=18376"},"modified":"2021-09-14T13:33:57","modified_gmt":"2021-09-14T18:33:57","slug":"agradece-zulma-recibir-vacuna-contra-covid","status":"publish","type":"post","link":"https:\/\/encuentroinformativo.com.mx\/?p=18376","title":{"rendered":"Agradece Zulma recibir vacuna contra Covid"},"content":{"rendered":"\n<p><strong>Dar\u00edo Pale<\/strong><\/p>\n\n\n\n<p>Xalapa, Ver.- Al igual que otros 11 menores de edad el d\u00eda de hoy la ni\u00f1a Zulma Gonz\u00e1lez Garc\u00eda de 12 a\u00f1os de edad quien mandara un video al Subsecretario de Promoci\u00f3n y Atenci\u00f3n a la Salud del Gobierno Federal, Hugo L\u00f3pez-Gatell, para poder ser vacunados lo cual se convirti\u00f3 en una nota muy pol\u00e9mica.<\/p>\n\n\n\n<p>Entrevistada despu\u00e9s de ser vacunada agradeci\u00f3 el &#8220;haber recapitulado&#8221; al Subsecretario de Promoci\u00f3n y Atenci\u00f3n a la Salud del Gobierno Federal, Hugo L\u00f3pez-Gatell, tras recibir la primera dosis de la vacuna Pfizer contra COVID-19, &#8220;muchas gracias por haberlo recapitulado y \u00a0gracias a las autoridades por haber hecho esto posibles&#8221;.<\/p>\n\n\n\n<p>Despu\u00e9s de haber ganado un amparo, Zulma y 11 ni\u00f1os m\u00e1s acudieron la ma\u00f1ana de este martes acompa\u00f1ados de sus padres a la Jurisdicci\u00f3n Sanitaria V para ser vacunados.<\/p>\n\n\n\n<p>&#8220;Estoy muy feliz. Les quiero informar que hoy he recibido mi primera dosis de mi vacuna, por lo cual quiero agradece a todos aquellos que estuvieron a favor de mi solicitud. Sin su apoyo no lo hubiera logrado y a los que no estuvieron a favor, de todos modos les agradezco y les deseo de gran coraz\u00f3n, que no tengan que expresar uno de sus derechos por una v\u00eda como la que yo utilic\u00e9&#8221; se\u00f1alo Zulma despu\u00e9s de ser vacunada y confirmar que no present\u00f3 ning\u00fan s\u00edntoma de reacciones por el biol\u00f3gico.<\/p>\n\n\n\n<p>Por otro lado los padres de Zulma, quien padece diabetes tipo 1, lamentaron que tuvieran recurrir a instancias legales, pero exhortaron a m\u00e1s padres de familia a recurrir a los amparos, la Secretar\u00eda de Salud en Veracruz valor\u00f3 esta semana a 41 menores de 18 a\u00f1os que pretenden ser vacunados con el biol\u00f3gico Pfizer.<\/p>\n\n\n\n<p>La abogada Mar\u00eda del Pilar Ponciano expres\u00f3 que fueron citados en la jurisdicci\u00f3n sanitaria porque lograron la suspensi\u00f3n debido a que las autoridades federales omitieron incluir a los menores de edad en el Plan Nacional de Vacunaci\u00f3n, lo cual les afecta y record\u00f3 que existe un pronunciamiento publicado en la p\u00e1gina de la COFEPRIS que define que la vacuna Pfizer est\u00e1 prevista para ser aplicada a partir de los 12 a\u00f1os de edad.<\/p>\n\n\n\n<p>&#8220;Que el Gobierno no incluya a este rango de edad en el Plan Nacional es un trato discriminatorio que afecta al inter\u00e9s superior de los menores porque son o deber\u00edan ser la prioridad en el cuidado que debe brindar el Gobierno a nuestros ni\u00f1os, el d\u00eda de hoy son excluidos del Plan Nacional de Vacunaci\u00f3n&#8221;, agreg\u00f3.<\/p>\n\n\n\n<p>Finalmente la abogada dio a conocer no se les esta negando el derecho a la salud, pero s\u00ed se les est\u00e1 discriminando porque argumentan que dentro del Plan no est\u00e1 previsto y hablan de un futuro, pero es un futuro incierto, ya que exponerlos a un regreso a clases presenciales sin ser vacunados los expone a un riesgo mayor de contagio del Covid-19.<\/p>\n","protected":false},"excerpt":{"rendered":"<p>Dar\u00edo Pale Xalapa, Ver.- Al igual que otros 11 menores de edad el d\u00eda de hoy la ni\u00f1a Zulma Gonz\u00e1lez Garc\u00eda de 12 a\u00f1os de edad quien mandara un video al Subsecretario de Promoci\u00f3n y Atenci\u00f3n a la Salud del Gobierno Federal, Hugo L\u00f3pez-Gatell, para poder ser vacunados lo cual se convirti\u00f3 en una nota [&hellip;]<\/p>\n","protected":false},"author":1,"featured_media":18377,"comment_status":"open","ping_status":"open","sticky":false,"template":"","format":"standard","meta":{"_jetpack_memberships_contains_paid_content":false,"footnotes":""},"categories":[9],"tags":[],"class_list":["post-18376","post","type-post","status-publish","format-standard","has-post-thumbnail","hentry","category-salud"],"jetpack_featured_media_url":"https:\/\/encuentroinformativo.com.mx\/wp-content\/uploads\/2021\/09\/BAB24A56-2D15-426C-A6BC-2D9196143FF8.jpeg","jetpack_sharing_enabled":true,"jetpack_likes_enabled":true,"amp_enabled":true,"_links":{"self":[{"href":"https:\/\/encuentroinformativo.com.mx\/index.php?rest_route=\/wp\/v2\/posts\/18376","targetHints":{"allow":["GET"]}}],"collection":[{"href":"https:\/\/encuentroinformativo.com.mx\/index.php?rest_route=\/wp\/v2\/posts"}],"about":[{"href":"https:\/\/encuentroinformativo.com.mx\/index.php?rest_route=\/wp\/v2\/types\/post"}],"author":[{"embeddable":true,"href":"https:\/\/encuentroinformativo.com.mx\/index.php?rest_route=\/wp\/v2\/users\/1"}],"replies":[{"embeddable":true,"href":"https:\/\/encuentroinformativo.com.mx\/index.php?rest_route=%2Fwp%2Fv2%2Fcomments&post=18376"}],"version-history":[{"count":1,"href":"https:\/\/encuentroinformativo.com.mx\/index.php?rest_route=\/wp\/v2\/posts\/18376\/revisions"}],"predecessor-version":[{"id":18378,"href":"https:\/\/encuentroinformativo.com.mx\/index.php?rest_route=\/wp\/v2\/posts\/18376\/revisions\/18378"}],"wp:featuredmedia":[{"embeddable":true,"href":"https:\/\/encuentroinformativo.com.mx\/index.php?rest_route=\/wp\/v2\/media\/18377"}],"wp:attachment":[{"href":"https:\/\/encuentroinformativo.com.mx\/index.php?rest_route=%2Fwp%2Fv2%2Fmedia&parent=18376"}],"wp:term":[{"taxonomy":"category","embeddable":true,"href":"https:\/\/encuentroinformativo.com.mx\/index.php?rest_route=%2Fwp%2Fv2%2Fcategories&post=18376"},{"taxonomy":"post_tag","embeddable":true,"href":"https:\/\/encuentroinformativo.com.mx\/index.php?rest_route=%2Fwp%2Fv2%2Ftags&post=18376"}],"curies":[{"name":"wp","href":"https:\/\/api.w.org\/{rel}","templated":true}]}}