{"id":18379,"date":"2021-09-14T15:16:16","date_gmt":"2021-09-14T20:16:16","guid":{"rendered":"https:\/\/encuentroinformativo.com.mx\/?p=18379"},"modified":"2021-09-14T15:16:20","modified_gmt":"2021-09-14T20:16:20","slug":"protestan-activistas-en-migracion-acusan-persecucion-de-haitianos","status":"publish","type":"post","link":"https:\/\/encuentroinformativo.com.mx\/?p=18379","title":{"rendered":"Protestan activistas en Migraci\u00f3n, acusan persecuci\u00f3n de haitianos"},"content":{"rendered":"\n<p><strong>Juan Arcos<\/strong><\/p>\n\n\n\n<p>Xalapa, Ver.- Un grupo de activistas protest\u00f3 afuera de las oficinas del Instituto Nacional de Migraci\u00f3n (INM), municipio de Xalapa, para exigir que cese la persecuci\u00f3n contra los haitianos que huyen de su pa\u00eds y pasan por Veracruz con direcci\u00f3n a Estados Unidos.<\/p>\n\n\n\n<p>Los integrantes de la Red de Resistencia y Rebeld\u00eda Xalapa denunciaron casos de racismo y xenofobia por parte de las instituciones de atenci\u00f3n a los migrantes en el pa\u00eds.<\/p>\n\n\n\n<p>\u201cInstituto Nacional de Migraci\u00f3n igual a perros de caza\u201d y \u201cmigrar no es un delito\u201d, se le\u00eda en las lonas y pancartas que sostuvieron afuera de la dependencia federal.<\/p>\n\n\n\n<p>De acuerdo con el activista Julio Contreras Lavanda, los migrantes, procedentes de Hait\u00ed, han abandonado su pa\u00eds por inseguridad, hambruna y afectaciones por fen\u00f3menos naturales.<\/p>\n\n\n\n<p>Sin embargo, los extranjeros han sido retenidos en el estado de Veracruz, registr\u00e1ndose los hechos m\u00e1s recientes en Las choapas y La Antigua, durante los d\u00edas 9 y 13 de este mes.<\/p>\n\n\n\n<p>\u201cExigimos congruencia con la pol\u00edtica de respeto a los derechos humanos de los extranjeros en nuestro territorio y el cese de la criminalizaci\u00f3n a las organizaciones y defensores de derechos humanos que acompa\u00f1an a la poblaci\u00f3n migrante en su tr\u00e1nsito por nuestro pa\u00eds\u201d, enfatiz\u00f3 Conteras Lavanda.<\/p>\n\n\n\n<p>A su juicio, las pol\u00edticas migratorias actuales del Estado Mexicano buscan que las personas que huyen de su pa\u00eds no lleguen a la frontera norte con Estados Unidos.<\/p>\n\n\n\n<p>\u201cConvirtiendo la frontera sur de M\u00e9xico en la frontera sur de Estados Unidos tambi\u00e9n, las \u00f3rdenes directas del Instituto Nacional de Migraci\u00f3n es que sirvan como contenci\u00f3n para los migrantes, que no puedan salir de Tapachula, estado de Chiapas\u201d.<\/p>\n\n\n\n<p>Acus\u00f3 que el Instituto Nacional de Migraci\u00f3n persigue a los indocumentados con redadas y convierte las estaciones migratorias en c\u00e1rceles de retenci\u00f3n.<\/p>\n\n\n\n<p>El lunes de esta semana, m\u00e1s de 200 haitianos y chilenos fueron resguardados en la entidad, al ser detenidos autobuses con migrantes en distintos lugares: Coatzacoalcos, Tuxpan, C\u00f3rdoba, en la caseta de La Antigua y en La Tinaja.<\/p>\n\n\n\n<figure class=\"wp-block-image size-large\"><img loading=\"lazy\" decoding=\"async\" width=\"1024\" height=\"661\" src=\"https:\/\/encuentroinformativo.com.mx\/wp-content\/uploads\/2021\/09\/BADF6A1E-F02D-4D4C-B086-88897ACED317-1024x661.jpeg\" alt=\"\" class=\"wp-image-18381\" srcset=\"https:\/\/encuentroinformativo.com.mx\/wp-content\/uploads\/2021\/09\/BADF6A1E-F02D-4D4C-B086-88897ACED317-1024x661.jpeg 1024w, https:\/\/encuentroinformativo.com.mx\/wp-content\/uploads\/2021\/09\/BADF6A1E-F02D-4D4C-B086-88897ACED317-300x194.jpeg 300w, https:\/\/encuentroinformativo.com.mx\/wp-content\/uploads\/2021\/09\/BADF6A1E-F02D-4D4C-B086-88897ACED317-768x496.jpeg 768w, https:\/\/encuentroinformativo.com.mx\/wp-content\/uploads\/2021\/09\/BADF6A1E-F02D-4D4C-B086-88897ACED317.jpeg 1257w\" sizes=\"auto, (max-width: 1024px) 100vw, 1024px\" \/><\/figure>\n","protected":false},"excerpt":{"rendered":"<p>Juan Arcos Xalapa, Ver.- Un grupo de activistas protest\u00f3 afuera de las oficinas del Instituto Nacional de Migraci\u00f3n (INM), municipio de Xalapa, para exigir que cese la persecuci\u00f3n contra los haitianos que huyen de su pa\u00eds y pasan por Veracruz con direcci\u00f3n a Estados Unidos. Los integrantes de la Red de Resistencia y Rebeld\u00eda Xalapa [&hellip;]<\/p>\n","protected":false},"author":1,"featured_media":18380,"comment_status":"open","ping_status":"open","sticky":false,"template":"","format":"standard","meta":{"_jetpack_memberships_contains_paid_content":false,"footnotes":""},"categories":[3],"tags":[],"class_list":["post-18379","post","type-post","status-publish","format-standard","has-post-thumbnail","hentry","category-xalapa"],"jetpack_featured_media_url":"https:\/\/encuentroinformativo.com.mx\/wp-content\/uploads\/2021\/09\/1553F046-0A10-4DC5-B01B-9B4491D1E641.jpeg","jetpack_sharing_enabled":true,"jetpack_likes_enabled":true,"amp_enabled":true,"_links":{"self":[{"href":"https:\/\/encuentroinformativo.com.mx\/index.php?rest_route=\/wp\/v2\/posts\/18379","targetHints":{"allow":["GET"]}}],"collection":[{"href":"https:\/\/encuentroinformativo.com.mx\/index.php?rest_route=\/wp\/v2\/posts"}],"about":[{"href":"https:\/\/encuentroinformativo.com.mx\/index.php?rest_route=\/wp\/v2\/types\/post"}],"author":[{"embeddable":true,"href":"https:\/\/encuentroinformativo.com.mx\/index.php?rest_route=\/wp\/v2\/users\/1"}],"replies":[{"embeddable":true,"href":"https:\/\/encuentroinformativo.com.mx\/index.php?rest_route=%2Fwp%2Fv2%2Fcomments&post=18379"}],"version-history":[{"count":1,"href":"https:\/\/encuentroinformativo.com.mx\/index.php?rest_route=\/wp\/v2\/posts\/18379\/revisions"}],"predecessor-version":[{"id":18382,"href":"https:\/\/encuentroinformativo.com.mx\/index.php?rest_route=\/wp\/v2\/posts\/18379\/revisions\/18382"}],"wp:featuredmedia":[{"embeddable":true,"href":"https:\/\/encuentroinformativo.com.mx\/index.php?rest_route=\/wp\/v2\/media\/18380"}],"wp:attachment":[{"href":"https:\/\/encuentroinformativo.com.mx\/index.php?rest_route=%2Fwp%2Fv2%2Fmedia&parent=18379"}],"wp:term":[{"taxonomy":"category","embeddable":true,"href":"https:\/\/encuentroinformativo.com.mx\/index.php?rest_route=%2Fwp%2Fv2%2Fcategories&post=18379"},{"taxonomy":"post_tag","embeddable":true,"href":"https:\/\/encuentroinformativo.com.mx\/index.php?rest_route=%2Fwp%2Fv2%2Ftags&post=18379"}],"curies":[{"name":"wp","href":"https:\/\/api.w.org\/{rel}","templated":true}]}}