{"id":1838,"date":"2020-04-14T15:18:02","date_gmt":"2020-04-14T20:18:02","guid":{"rendered":"https:\/\/encuentroinformativo.com\/?p=1838"},"modified":"2020-04-14T15:18:33","modified_gmt":"2020-04-14T20:18:33","slug":"por-cuarentena-aumentan-casos-de-violencia-domestica","status":"publish","type":"post","link":"https:\/\/encuentroinformativo.com.mx\/?p=1838","title":{"rendered":"Por cuarentena, aumentan casos de violencia dom\u00e9stica"},"content":{"rendered":"\n<p><strong>Juan Arcos<\/strong><\/p>\n\n\n\n<p>Xalapa, Ver.- La violencia contra las mujeres aument\u00f3 en hogares de Xalapa durante la contingencia sanitaria.<\/p>\n\n\n\n<p>As\u00ed lo revel\u00f3 la directora del Instituto Municipal de las Mujeres, Yadira Hidalgo Gonz\u00e1lez, quien a\u00f1adi\u00f3 que esto ocurri\u00f3 por el confinamiento a causa de la pandemia del coronavirus.<\/p>\n\n\n\n<p>Explic\u00f3 que durante la primera semana de la contigencia, del 16 al 22 de marzo, se tuvieron 20 reportes de violencia dom\u00e9stica y, durante la cuarta semana, del 6 al 12 de abril, otros 18 casos.<\/p>\n\n\n\n<p>\u201cLa gente no est\u00e1 acostumbrada a estar juntas tanto tiempo. Si la gente est\u00e1 en un mismo lugar, habr\u00e1 m\u00e1s violencia\u201d, coment\u00f3 la especialista.<\/p>\n\n\n\n<p>La entrevistada detall\u00f3 que, en un comparativo entre los a\u00f1os 2019 y 2020, en febrero, la violencia dom\u00e9stica creci\u00f3 140 por ciento; en marzo, 135 por ciento; y en abril, 44 por ciento.<\/p>\n\n\n\n<p>Hidalgo Gonz\u00e1lez refiri\u00f3 que mediante la L\u00ednea Violeta, se atendieron 65 casos en el periodo del 16 de marzo al 12 de abril.<\/p>\n\n\n\n<p>Se brindaron 31 asesor\u00edas jur\u00eddicas, nueve atenciones psicol\u00f3gicas, seis emergencias, 15 atenciones informativas y otros servicios.<\/p>\n\n\n\n<p>\u201cEs momento de entender que las mujeres no somos el pilar de la familia, entonces un llamado para toda la sociedad para no cargar todas las labores dom\u00e9sticas y emocionales en una sola persona\u201d, remat\u00f3.<\/p>\n","protected":false},"excerpt":{"rendered":"<p>Juan Arcos Xalapa, Ver.- La violencia contra las mujeres aument\u00f3 en hogares de Xalapa durante la contingencia sanitaria. As\u00ed lo revel\u00f3 la directora del Instituto Municipal de las Mujeres, Yadira Hidalgo Gonz\u00e1lez, quien a\u00f1adi\u00f3 que esto ocurri\u00f3 por el confinamiento a causa de la pandemia del coronavirus. Explic\u00f3 que durante la primera semana de la [&hellip;]<\/p>\n","protected":false},"author":1,"featured_media":67,"comment_status":"open","ping_status":"open","sticky":false,"template":"","format":"standard","meta":{"_jetpack_memberships_contains_paid_content":false,"footnotes":""},"categories":[3],"tags":[],"class_list":["post-1838","post","type-post","status-publish","format-standard","has-post-thumbnail","hentry","category-xalapa"],"jetpack_featured_media_url":"https:\/\/encuentroinformativo.com.mx\/wp-content\/uploads\/2020\/02\/violencia.jpg","jetpack_sharing_enabled":true,"jetpack_likes_enabled":true,"amp_enabled":true,"_links":{"self":[{"href":"https:\/\/encuentroinformativo.com.mx\/index.php?rest_route=\/wp\/v2\/posts\/1838","targetHints":{"allow":["GET"]}}],"collection":[{"href":"https:\/\/encuentroinformativo.com.mx\/index.php?rest_route=\/wp\/v2\/posts"}],"about":[{"href":"https:\/\/encuentroinformativo.com.mx\/index.php?rest_route=\/wp\/v2\/types\/post"}],"author":[{"embeddable":true,"href":"https:\/\/encuentroinformativo.com.mx\/index.php?rest_route=\/wp\/v2\/users\/1"}],"replies":[{"embeddable":true,"href":"https:\/\/encuentroinformativo.com.mx\/index.php?rest_route=%2Fwp%2Fv2%2Fcomments&post=1838"}],"version-history":[{"count":1,"href":"https:\/\/encuentroinformativo.com.mx\/index.php?rest_route=\/wp\/v2\/posts\/1838\/revisions"}],"predecessor-version":[{"id":1839,"href":"https:\/\/encuentroinformativo.com.mx\/index.php?rest_route=\/wp\/v2\/posts\/1838\/revisions\/1839"}],"wp:featuredmedia":[{"embeddable":true,"href":"https:\/\/encuentroinformativo.com.mx\/index.php?rest_route=\/wp\/v2\/media\/67"}],"wp:attachment":[{"href":"https:\/\/encuentroinformativo.com.mx\/index.php?rest_route=%2Fwp%2Fv2%2Fmedia&parent=1838"}],"wp:term":[{"taxonomy":"category","embeddable":true,"href":"https:\/\/encuentroinformativo.com.mx\/index.php?rest_route=%2Fwp%2Fv2%2Fcategories&post=1838"},{"taxonomy":"post_tag","embeddable":true,"href":"https:\/\/encuentroinformativo.com.mx\/index.php?rest_route=%2Fwp%2Fv2%2Ftags&post=1838"}],"curies":[{"name":"wp","href":"https:\/\/api.w.org\/{rel}","templated":true}]}}