{"id":18383,"date":"2021-09-14T15:35:15","date_gmt":"2021-09-14T20:35:15","guid":{"rendered":"https:\/\/encuentroinformativo.com.mx\/?p=18383"},"modified":"2021-09-14T15:35:19","modified_gmt":"2021-09-14T20:35:19","slug":"bloquean-sede-de-bienestar-en-poza-rica-no-han-sido-censados-por-danos-de-grace-reclaman","status":"publish","type":"post","link":"https:\/\/encuentroinformativo.com.mx\/?p=18383","title":{"rendered":"Bloquean sede de Bienestar en Poza Rica; no han sido censados por da\u00f1os de Grace, reclaman"},"content":{"rendered":"\n<p><strong>Alejandro \u00c1vila<\/strong><\/p>\n\n\n\n<p>Poza Rica, Ver.- Un centenar de ciudadanos de diversas colonias bloquearon la sede de Bienestar en la ciudad de Poza Rica, pues acusan a\u00fan no haber sido censados tras casi un mes de haber sido afectados por el hurac\u00e1n &#8220;Grace&#8221;, por lo que siguen viviendo al d\u00eda.<\/p>\n\n\n\n<p>La calle \u00c1lamo en la colonia Palma Sola, donde se encuentra la oficina de Bienestar en Poza Rica fue bloqueada y se escucharon diversas quejas en contra del personal que ah\u00ed labora, pues acusan, adem\u00e1s, que solo las casas con estructura de concreto han sido censadas, cuando ellos son m\u00e1s vulnerables.<\/p>\n\n\n\n<p>Los quejosos se\u00f1alan que sus zonas fueron catalogadas de alto riesgo, y deb\u00edan ser prioridad en el censo y entrega de apoyos, donde se presume, por lo dicho en &#8220;la ma\u00f1anera&#8221; por el presidente Andr\u00e9s Manuel L\u00f3pez Obrador; adem\u00e1s de despensas, les ser\u00e1n entregados estufas, refrigeradores, y otros articulos domesticos de prioridad.<\/p>\n\n\n\n<p>Es por ello que molestos, este martes acudieron a protestar frente a las oficinas del programa federal Bienestar; ya que afirman no desistir\u00e1n de esta postura hasta no ver una respuesta favorable a su petici\u00f3n.<\/p>\n","protected":false},"excerpt":{"rendered":"<p>Alejandro \u00c1vila Poza Rica, Ver.- Un centenar de ciudadanos de diversas colonias bloquearon la sede de Bienestar en la ciudad de Poza Rica, pues acusan a\u00fan no haber sido censados tras casi un mes de haber sido afectados por el hurac\u00e1n &#8220;Grace&#8221;, por lo que siguen viviendo al d\u00eda. La calle \u00c1lamo en la colonia [&hellip;]<\/p>\n","protected":false},"author":1,"featured_media":18384,"comment_status":"open","ping_status":"open","sticky":false,"template":"","format":"standard","meta":{"_jetpack_memberships_contains_paid_content":false,"footnotes":""},"categories":[2],"tags":[],"class_list":["post-18383","post","type-post","status-publish","format-standard","has-post-thumbnail","hentry","category-estado"],"jetpack_featured_media_url":"https:\/\/encuentroinformativo.com.mx\/wp-content\/uploads\/2021\/09\/A47B4277-B5AD-4BA4-A386-354EE20F7BDE.jpeg","jetpack_sharing_enabled":true,"jetpack_likes_enabled":true,"amp_enabled":true,"_links":{"self":[{"href":"https:\/\/encuentroinformativo.com.mx\/index.php?rest_route=\/wp\/v2\/posts\/18383","targetHints":{"allow":["GET"]}}],"collection":[{"href":"https:\/\/encuentroinformativo.com.mx\/index.php?rest_route=\/wp\/v2\/posts"}],"about":[{"href":"https:\/\/encuentroinformativo.com.mx\/index.php?rest_route=\/wp\/v2\/types\/post"}],"author":[{"embeddable":true,"href":"https:\/\/encuentroinformativo.com.mx\/index.php?rest_route=\/wp\/v2\/users\/1"}],"replies":[{"embeddable":true,"href":"https:\/\/encuentroinformativo.com.mx\/index.php?rest_route=%2Fwp%2Fv2%2Fcomments&post=18383"}],"version-history":[{"count":1,"href":"https:\/\/encuentroinformativo.com.mx\/index.php?rest_route=\/wp\/v2\/posts\/18383\/revisions"}],"predecessor-version":[{"id":18385,"href":"https:\/\/encuentroinformativo.com.mx\/index.php?rest_route=\/wp\/v2\/posts\/18383\/revisions\/18385"}],"wp:featuredmedia":[{"embeddable":true,"href":"https:\/\/encuentroinformativo.com.mx\/index.php?rest_route=\/wp\/v2\/media\/18384"}],"wp:attachment":[{"href":"https:\/\/encuentroinformativo.com.mx\/index.php?rest_route=%2Fwp%2Fv2%2Fmedia&parent=18383"}],"wp:term":[{"taxonomy":"category","embeddable":true,"href":"https:\/\/encuentroinformativo.com.mx\/index.php?rest_route=%2Fwp%2Fv2%2Fcategories&post=18383"},{"taxonomy":"post_tag","embeddable":true,"href":"https:\/\/encuentroinformativo.com.mx\/index.php?rest_route=%2Fwp%2Fv2%2Ftags&post=18383"}],"curies":[{"name":"wp","href":"https:\/\/api.w.org\/{rel}","templated":true}]}}