{"id":18386,"date":"2021-09-14T15:53:13","date_gmt":"2021-09-14T20:53:13","guid":{"rendered":"https:\/\/encuentroinformativo.com.mx\/?p=18386"},"modified":"2021-09-14T15:53:17","modified_gmt":"2021-09-14T20:53:17","slug":"veracruz-puerto-municipio-con-mas-escuelas-saqueadas-por-pandemia","status":"publish","type":"post","link":"https:\/\/encuentroinformativo.com.mx\/?p=18386","title":{"rendered":"Veracruz puerto, municipio con m\u00e1s escuelas saqueadas por pandemia"},"content":{"rendered":"\n<p><strong>Alejandro \u00c1vila<\/strong><\/p>\n\n\n\n<p>Veracruz, Ver.- El municipio de Veracruz es quien mayor n\u00famero de escuelas robadas ha registrado durante la pandemia, incluso en los \u00faltimos dos meses las cifras se elevaron previo al inicio de clases presenciales el 30 de agosto pasado.<\/p>\n\n\n\n<p>Escuelas como la &#8220;Julio S. Montero&#8221; en el centro de la ciudad de Veracruz, sufri\u00f3 5 robos en menos de tres meses; otras, debido a esta situaci\u00f3n, no pod\u00edan regresar a clases presenciales ya que no contaban con luz y agua, tras el robo de cableado el\u00e9ctrico y tuberia de cobre.<\/p>\n\n\n\n<p>Este lunes por la noche, la delegada de la SEV, Diana Santiago Huesca, sostuvo una reuni\u00f3n con el Almirante S\u00e1nchez y el Capit\u00e1n Guillermo Vel\u00e1zquez de la Polic\u00eda Naval, para replantear la estrategia de supervisi\u00f3n a las escuelas, con la finalidad de erradicar los robos en los planteles educativos de la zona.<\/p>\n\n\n\n<p>De los 5 pol\u00edgonos de vigilancia, ya se han identificado los que se encuentran en n\u00fameros rojos y en breve comenzar\u00e1n a trabajar en programas que involucren a docentes y la sociedad civil para brindar apoyo a los uniformados y dar con los ladrones.<\/p>\n\n\n\n<p>&#8220;Ya no estamos dispuestos a que esta situaci\u00f3n se siga incrementando, que ya no vamos a permitir que nuestras escuelas siga&nbsp; siendo violentadas. Nos estamos coordinando en acciones para atender a nuestros directores, a nuestros padres de familia, y que por supuesto entre todos, con la ayuda de toda la comunidad, de toda la sociedad veracruzana, que nos ayuden a que esta situaci\u00f3n pare y dejen de violentar nuestras instalaciones&#8221;, asest\u00f3 la delegada Diana Santiago Huesca.<\/p>\n","protected":false},"excerpt":{"rendered":"<p>Alejandro \u00c1vila Veracruz, Ver.- El municipio de Veracruz es quien mayor n\u00famero de escuelas robadas ha registrado durante la pandemia, incluso en los \u00faltimos dos meses las cifras se elevaron previo al inicio de clases presenciales el 30 de agosto pasado. Escuelas como la &#8220;Julio S. Montero&#8221; en el centro de la ciudad de Veracruz, [&hellip;]<\/p>\n","protected":false},"author":1,"featured_media":18387,"comment_status":"open","ping_status":"open","sticky":false,"template":"","format":"standard","meta":{"_jetpack_memberships_contains_paid_content":false,"footnotes":""},"categories":[2],"tags":[],"class_list":["post-18386","post","type-post","status-publish","format-standard","has-post-thumbnail","hentry","category-estado"],"jetpack_featured_media_url":"https:\/\/encuentroinformativo.com.mx\/wp-content\/uploads\/2021\/09\/D5842F9B-C5DF-4FB6-8BA4-F121F27E3849.jpeg","jetpack_sharing_enabled":true,"jetpack_likes_enabled":true,"amp_enabled":true,"_links":{"self":[{"href":"https:\/\/encuentroinformativo.com.mx\/index.php?rest_route=\/wp\/v2\/posts\/18386","targetHints":{"allow":["GET"]}}],"collection":[{"href":"https:\/\/encuentroinformativo.com.mx\/index.php?rest_route=\/wp\/v2\/posts"}],"about":[{"href":"https:\/\/encuentroinformativo.com.mx\/index.php?rest_route=\/wp\/v2\/types\/post"}],"author":[{"embeddable":true,"href":"https:\/\/encuentroinformativo.com.mx\/index.php?rest_route=\/wp\/v2\/users\/1"}],"replies":[{"embeddable":true,"href":"https:\/\/encuentroinformativo.com.mx\/index.php?rest_route=%2Fwp%2Fv2%2Fcomments&post=18386"}],"version-history":[{"count":1,"href":"https:\/\/encuentroinformativo.com.mx\/index.php?rest_route=\/wp\/v2\/posts\/18386\/revisions"}],"predecessor-version":[{"id":18388,"href":"https:\/\/encuentroinformativo.com.mx\/index.php?rest_route=\/wp\/v2\/posts\/18386\/revisions\/18388"}],"wp:featuredmedia":[{"embeddable":true,"href":"https:\/\/encuentroinformativo.com.mx\/index.php?rest_route=\/wp\/v2\/media\/18387"}],"wp:attachment":[{"href":"https:\/\/encuentroinformativo.com.mx\/index.php?rest_route=%2Fwp%2Fv2%2Fmedia&parent=18386"}],"wp:term":[{"taxonomy":"category","embeddable":true,"href":"https:\/\/encuentroinformativo.com.mx\/index.php?rest_route=%2Fwp%2Fv2%2Fcategories&post=18386"},{"taxonomy":"post_tag","embeddable":true,"href":"https:\/\/encuentroinformativo.com.mx\/index.php?rest_route=%2Fwp%2Fv2%2Ftags&post=18386"}],"curies":[{"name":"wp","href":"https:\/\/api.w.org\/{rel}","templated":true}]}}