{"id":18389,"date":"2021-09-14T16:22:26","date_gmt":"2021-09-14T21:22:26","guid":{"rendered":"https:\/\/encuentroinformativo.com.mx\/?p=18389"},"modified":"2021-09-14T16:22:30","modified_gmt":"2021-09-14T21:22:30","slug":"festejos-presenciales-seran-en-camaron-de-tejeda-cisneros","status":"publish","type":"post","link":"https:\/\/encuentroinformativo.com.mx\/?p=18389","title":{"rendered":"Festejos presenciales ser\u00e1n en Camar\u00f3n de Tejeda: Cisneros"},"content":{"rendered":"\n<p><strong>Dar\u00edo Pale<\/strong><\/p>\n\n\n\n<p>Xalapa, Ver.- El secretario de Gobierno Eric Patrocinio Cisneros Burgos dio a conocer que el evento art\u00edstico con motivo de la Celebraci\u00f3n de Independencia se realizar\u00e1 este a\u00f1o en el municipio de Camar\u00f3n de Tejeda.<\/p>\n\n\n\n<p>Entrevistado a su arribo al Sistema de Administraci\u00f3n Tributaria (SAT), donde tramit\u00f3 su firma electr\u00f3nica, coment\u00f3 que las medidas que est\u00e1n tomando de suspender los eventos de manera presencial en algunos municipios y realizarlos de forma virtual en otros es para no tener aglomeraciones.<\/p>\n\n\n\n<p>Destac\u00f3 que para garantizar la seguridad durante esta celebraci\u00f3n se han desplegados mil 800 polic\u00edas m\u00e1s los elementos de las Fuerzas Federales, Guardia Nacional, SEDENA, Marina y Polic\u00eda Naval y \u00a0llam\u00f3 a la poblaci\u00f3n a que a\u00fan en celebraciones familiares se eviten aglomeraciones durante las celebraciones patrias.<\/p>\n\n\n\n<p>Uno de los municipios donde se pudiera realiza el grito de independencia de forma presencial es Camar\u00f3n de Tejeda, donde realizar\u00e1n parte de la celebraci\u00f3n que normalmente se hace en Xalapa ya que ah\u00ed se realizar\u00e1 todo el evento cultural y de las fiestas patrias.<\/p>\n\n\n\n<p>\u201cAlgunos, que estamos todav\u00eda contabilizando, los van a llevar de manera presencial, uno de ellos es Camar\u00f3n de Tejeda. Ah\u00ed se va a llevar a cabo parte de la celebraci\u00f3n que normalmente se hace aqu\u00ed en Xalapa, se va a llevar ah\u00ed todo el evento cultural y de fiestas patrias en Camar\u00f3n, por varias cosas, este a\u00f1o se cumplieron 200 a\u00f1os del M\u00e9xico Independiente, en Camar\u00f3n se llev\u00f3 a cabo una de las batallas m\u00e1s \u00e9picas para los franceses con los mexicanos&#8230;por acuerdo del se\u00f1or Gobernador con la alcaldesa se va a llevar un peque\u00f1o evento cultural que se va a transmitir por Radio Televisi\u00f3n de Veracruz&#8221;, coment\u00f3.<\/p>\n\n\n\n<p>Dio a conocer que, en este a\u00f1o se cumplieron 200 a\u00f1os del M\u00e9xico independiente en Camar\u00f3n se libr\u00f3 una de las batallas m\u00e1s \u00e9picas para los los franceses con los mexicanos y bueno este a\u00f1o hace unos d\u00edas vino el embajador de Francia, y por acuerdo del Gobernador con la Alcaldesa, se va a llevar un peque\u00f1o evento cultural que se va a transmitir a trav\u00e9s de Radio y Televisi\u00f3n de Veracruz.<\/p>\n\n\n\n<p>Tambi\u00e9n dio a conocer que el estado est\u00e1 en &#8220;calma&#8221;, incluso en los municipios donde el hurac\u00e1n Grace golpe\u00f3.<\/p>\n\n\n\n<p>En cuanto. La seguridad se\u00f1al\u00f3 que habr\u00e1 un operativo de vigilancia y prevenci\u00f3n con m\u00e1s de dos mil elementos de la Secretar\u00eda de Seguridad P\u00fablica (SSP) m\u00e1s los elementos de la Marina, Sedena y Guardia Nacional, quienes se encargar\u00e1 de garantizar que haya tranquilidad en los eventos.<\/p>\n\n\n\n<p>Por \u00faltimo solicit\u00f3 a los ciudadanos que contin\u00faen acatando las medidas sanitarias y de sana distancia, as\u00ed como a aquellos que har\u00e1n festejos en sus domicilios, no generar aglomeraciones y cuidar a los adultos mayores.<\/p>\n","protected":false},"excerpt":{"rendered":"<p>Dar\u00edo Pale Xalapa, Ver.- El secretario de Gobierno Eric Patrocinio Cisneros Burgos dio a conocer que el evento art\u00edstico con motivo de la Celebraci\u00f3n de Independencia se realizar\u00e1 este a\u00f1o en el municipio de Camar\u00f3n de Tejeda. Entrevistado a su arribo al Sistema de Administraci\u00f3n Tributaria (SAT), donde tramit\u00f3 su firma electr\u00f3nica, coment\u00f3 que las [&hellip;]<\/p>\n","protected":false},"author":1,"featured_media":18390,"comment_status":"open","ping_status":"open","sticky":false,"template":"","format":"standard","meta":{"_jetpack_memberships_contains_paid_content":false,"footnotes":""},"categories":[2],"tags":[],"class_list":["post-18389","post","type-post","status-publish","format-standard","has-post-thumbnail","hentry","category-estado"],"jetpack_featured_media_url":"https:\/\/encuentroinformativo.com.mx\/wp-content\/uploads\/2021\/09\/8AFECD46-E867-4007-A856-FAEA0F021BDF.jpeg","jetpack_sharing_enabled":true,"jetpack_likes_enabled":true,"amp_enabled":true,"_links":{"self":[{"href":"https:\/\/encuentroinformativo.com.mx\/index.php?rest_route=\/wp\/v2\/posts\/18389","targetHints":{"allow":["GET"]}}],"collection":[{"href":"https:\/\/encuentroinformativo.com.mx\/index.php?rest_route=\/wp\/v2\/posts"}],"about":[{"href":"https:\/\/encuentroinformativo.com.mx\/index.php?rest_route=\/wp\/v2\/types\/post"}],"author":[{"embeddable":true,"href":"https:\/\/encuentroinformativo.com.mx\/index.php?rest_route=\/wp\/v2\/users\/1"}],"replies":[{"embeddable":true,"href":"https:\/\/encuentroinformativo.com.mx\/index.php?rest_route=%2Fwp%2Fv2%2Fcomments&post=18389"}],"version-history":[{"count":1,"href":"https:\/\/encuentroinformativo.com.mx\/index.php?rest_route=\/wp\/v2\/posts\/18389\/revisions"}],"predecessor-version":[{"id":18391,"href":"https:\/\/encuentroinformativo.com.mx\/index.php?rest_route=\/wp\/v2\/posts\/18389\/revisions\/18391"}],"wp:featuredmedia":[{"embeddable":true,"href":"https:\/\/encuentroinformativo.com.mx\/index.php?rest_route=\/wp\/v2\/media\/18390"}],"wp:attachment":[{"href":"https:\/\/encuentroinformativo.com.mx\/index.php?rest_route=%2Fwp%2Fv2%2Fmedia&parent=18389"}],"wp:term":[{"taxonomy":"category","embeddable":true,"href":"https:\/\/encuentroinformativo.com.mx\/index.php?rest_route=%2Fwp%2Fv2%2Fcategories&post=18389"},{"taxonomy":"post_tag","embeddable":true,"href":"https:\/\/encuentroinformativo.com.mx\/index.php?rest_route=%2Fwp%2Fv2%2Ftags&post=18389"}],"curies":[{"name":"wp","href":"https:\/\/api.w.org\/{rel}","templated":true}]}}