{"id":18392,"date":"2021-09-15T09:21:32","date_gmt":"2021-09-15T14:21:32","guid":{"rendered":"https:\/\/encuentroinformativo.com.mx\/?p=18392"},"modified":"2021-09-15T09:21:36","modified_gmt":"2021-09-15T14:21:36","slug":"exsome-el-ciego","status":"publish","type":"post","link":"https:\/\/encuentroinformativo.com.mx\/?p=18392","title":{"rendered":"Exsome, el ciego"},"content":{"rendered":"\n<p><strong>Los Pol\u00edticos<\/strong><\/p>\n\n\n\n<p><strong>Salvador Mu\u00f1oz<\/strong><\/p>\n\n\n\n<p>Nadie puede acusar a Ricardo Exsome de Miop\u00eda Pol\u00edtica, Estrabismo Pol\u00edtico o Astigmatismo Pol\u00edtico por considerar, desde su punto de vista, que no ve a otra m\u00e1s a la gubernatura que a Roc\u00edo Nahle\u2026 a lo m\u00e1s a lo que se le puede se\u00f1alar ser\u00eda de Ceguera Pol\u00edtica, porque su filia por la secretaria de Energ\u00eda lo ciega, cosa que a todos nos pasa alguna vez\u2026 al final, humanos, pues.<\/p>\n\n\n\n<p>A manera de estar ad hoc con las fiestas patrias, hay quienes pusieron el grito en el Cielo por la Campanada que dio Ricardo Exsome con Roc\u00edo Nahle porque no les pareci\u00f3 que con un comentario, borrara de la lista a otros personajes, como al mismo Ricardo Ahued, Bola 8 y hasta enlistaron al mism\u00edsimo Car\u00f3n, G\u00f3mez Cazar\u00edn.<\/p>\n\n\n\n<p>No, no se espanten\u2026 recuerden cuando surgi\u00f3 el nombre de Cuitl\u00e1huac Garc\u00eda como candidato a la gubernatura y nadie dio un peso por \u00e9l, \u00bfpero qu\u00e9 tal la raza le dio los votos?<\/p>\n\n\n\n<p>Mencionar a cada uno de ellos, no es de a gratis\u2026<\/p>\n\n\n\n<p>Ricardo Ahued en el escenario pol\u00edtico local es bien visto; se ha hecho un traje a la medida que cualquier moreno quisiera portar: De Honesto. Por supuesto, m\u00e1s all\u00e1 de la esfera pol\u00edtica central, dif\u00edcil ubicarlo porque cuando Senador, su labor pol\u00edtica-medi\u00e1tica s\u00f3lo la concentr\u00f3 en el Altiplano y en la capital veracruzana. Vamos, a diferencia de otros pol\u00edticos, como Chedraui o Dauz\u00f3n, hasta donde se sabe, sus tiendas no llegan m\u00e1s all\u00e1 de Perote y Emiliano Zapata por lo que el apellido dif\u00edcilmente se ha expandido.<\/p>\n\n\n\n<p>Bola 8, Eric Cisneros Burgos, como secretario de Gobierno, ha implementado estrategia de expansi\u00f3n que va desde el centro para afuera\u2026 el \u201ccentro\u201d lo ubicamos en la Cuenca del Papaloapan para a partir de all\u00e1, extenderse cuan ancho es\u2026 para ello, porque la Ley se lo permite, utiliza la promoci\u00f3n de los municipios de Veracruz para hacer presencia en todo el territorio veracruzano y para ello, un poco de ayuda de RTV lo complementa. Por supuesto, su contra estriba en que tiene menos gracia que un baile de sordos tocando los H\u00e9roes del Silencio.<\/p>\n\n\n\n<p>Juan Javier G\u00f3mez Cazar\u00edn, como coordinador de la Junta de Coordinaci\u00f3n Pol\u00edtica y a la vez de los legisladores de Morena en esta LXV Legislatura local que fenece, anduvo de la Ceca a la Meca por todo el territorio veracruzano previo y durante las elecciones como el ariete de sus candidatos a las curules. Los resultados hablan por s\u00ed solos. De ah\u00ed que al interior de Morena, haya quienes esperan que no llegue a ocupar la pluri, porque implicar\u00eda que otros grupos ajenos al Gobernador, asumieran el control del Poder Legislativo y de paso, descartarlo para el 2024.<\/p>\n\n\n\n<p>En lo particular, considero que Ricardo Exsome tiene raz\u00f3n pero no tanto porque compartamos un punto de vista, sino porque dijera Joaqu\u00edn Rosas Garc\u00e9s (Al Calor Pol\u00edtico): tengo una corazonada que ya he expuesto en anteriores ocasiones:<\/p>\n\n\n\n<p>El ego del Pejedente es tan grande que dentro de su Cuarta Transformaci\u00f3n es posible que considere ser el puente para dar a M\u00e9xico, su primera mujer presidente. Conociendo a Cuitl\u00e1huac, carente de un criterio propio que no sea la r\u00e9plica de comportamientos de su l\u00edder Andr\u00e9s Manuel L\u00f3pez Obrador, al ver que la decisi\u00f3n se inclinara por decir un nombre, Claudia Sheinbaum, su mimetismo lo llevar\u00eda a buscar una mujer&#8230; a una candidata, porque para otra cosa, no creemos&#8230;<\/p>\n\n\n\n<p>Por supuesto, tenemos el riesgo de que sometido al S\u00edndrome del \u201cChavo del 24\u201d, entienda que puede meter a su parienta Dorheny a la competencia, pero apostemos a que no tendr\u00e1 injerencia en esta decisi\u00f3n y desde el Altiplano le hagan entender que la l\u00ednea es trascender para dar paso a una Pol\u00edtica\u2026 pueden refutar lo que quieran, pero en Morena \u00a1nunca se sabe! \u00a1Ya ven! \u00a1Ah\u00ed est\u00e1 Cuic, el mejor ejemplo! Quiz\u00e1s Exsome no est\u00e9 tan ciego.<\/p>\n\n\n\n<p><a href=\"mailto:smcainito@gmail.com\" target=\"_blank\" rel=\"noreferrer noopener\">smcainito@gmail.com<\/a><\/p>\n","protected":false},"excerpt":{"rendered":"<p>Los Pol\u00edticos Salvador Mu\u00f1oz Nadie puede acusar a Ricardo Exsome de Miop\u00eda Pol\u00edtica, Estrabismo Pol\u00edtico o Astigmatismo Pol\u00edtico por considerar, desde su punto de vista, que no ve a otra m\u00e1s a la gubernatura que a Roc\u00edo Nahle\u2026 a lo m\u00e1s a lo que se le puede se\u00f1alar ser\u00eda de Ceguera Pol\u00edtica, porque su filia [&hellip;]<\/p>\n","protected":false},"author":1,"featured_media":387,"comment_status":"open","ping_status":"open","sticky":false,"template":"","format":"standard","meta":{"_jetpack_memberships_contains_paid_content":false,"footnotes":""},"categories":[11],"tags":[],"class_list":["post-18392","post","type-post","status-publish","format-standard","has-post-thumbnail","hentry","category-opinion"],"jetpack_featured_media_url":"https:\/\/encuentroinformativo.com.mx\/wp-content\/uploads\/2020\/03\/7CF8A22B-2764-47BE-8F7F-38FE9E5D6A2F.jpeg","jetpack_sharing_enabled":true,"jetpack_likes_enabled":true,"amp_enabled":true,"_links":{"self":[{"href":"https:\/\/encuentroinformativo.com.mx\/index.php?rest_route=\/wp\/v2\/posts\/18392","targetHints":{"allow":["GET"]}}],"collection":[{"href":"https:\/\/encuentroinformativo.com.mx\/index.php?rest_route=\/wp\/v2\/posts"}],"about":[{"href":"https:\/\/encuentroinformativo.com.mx\/index.php?rest_route=\/wp\/v2\/types\/post"}],"author":[{"embeddable":true,"href":"https:\/\/encuentroinformativo.com.mx\/index.php?rest_route=\/wp\/v2\/users\/1"}],"replies":[{"embeddable":true,"href":"https:\/\/encuentroinformativo.com.mx\/index.php?rest_route=%2Fwp%2Fv2%2Fcomments&post=18392"}],"version-history":[{"count":1,"href":"https:\/\/encuentroinformativo.com.mx\/index.php?rest_route=\/wp\/v2\/posts\/18392\/revisions"}],"predecessor-version":[{"id":18393,"href":"https:\/\/encuentroinformativo.com.mx\/index.php?rest_route=\/wp\/v2\/posts\/18392\/revisions\/18393"}],"wp:featuredmedia":[{"embeddable":true,"href":"https:\/\/encuentroinformativo.com.mx\/index.php?rest_route=\/wp\/v2\/media\/387"}],"wp:attachment":[{"href":"https:\/\/encuentroinformativo.com.mx\/index.php?rest_route=%2Fwp%2Fv2%2Fmedia&parent=18392"}],"wp:term":[{"taxonomy":"category","embeddable":true,"href":"https:\/\/encuentroinformativo.com.mx\/index.php?rest_route=%2Fwp%2Fv2%2Fcategories&post=18392"},{"taxonomy":"post_tag","embeddable":true,"href":"https:\/\/encuentroinformativo.com.mx\/index.php?rest_route=%2Fwp%2Fv2%2Ftags&post=18392"}],"curies":[{"name":"wp","href":"https:\/\/api.w.org\/{rel}","templated":true}]}}