{"id":18394,"date":"2021-09-15T10:44:23","date_gmt":"2021-09-15T15:44:23","guid":{"rendered":"https:\/\/encuentroinformativo.com.mx\/?p=18394"},"modified":"2021-09-15T10:44:28","modified_gmt":"2021-09-15T15:44:28","slug":"sin-palabras-pasarela-de-funcionarios-en-izamiento-de-bandera","status":"publish","type":"post","link":"https:\/\/encuentroinformativo.com.mx\/?p=18394","title":{"rendered":"\u00a1Sin palabras!, pasarela de funcionarios en izamiento de bandera"},"content":{"rendered":"\n<p><strong>Dar\u00edo Pale<\/strong> <\/p>\n\n\n\n<p>Xalapa, Ver.- Este 15 de septiembre se llev\u00f3 a cabo el izamiento de la Bandera en el parque Ju\u00e1rez donde algunas personalidades no quisieron hacer declaraciones incluso el gobernador del estado Cuitl\u00e1huac Garc\u00eda Jim\u00e9nez la hizo de guarura y el presidente municipal de Xalapa brill\u00f3 por su ausencia.<\/p>\n\n\n\n<p>En un principio arribo la Fiscal General del Estado Veronica Hern\u00e1ndez Giad\u00e1ns, quien solo se limit\u00f3 a decir que al final del evento dar\u00eda entrevista, posteriormente lleg\u00f3 el secretario de Gobierno Eric Patrocinio Cisneros Burgos quien dio entrevista a los diferentes medios de comunicaci\u00f3n.<\/p>\n\n\n\n<p>Posteriormente lleg\u00f3 la Magistrada presidenta del Tribunal Superior de justicia del Estado (TSJE), y del consejo de la judicatura Isabel Ines Romero Cruz, quien no quiso dar declaraciones y su personal de seguridad solo se limit\u00f3 a desplazar a los reporteros y solo hizo unos comentarios.<\/p>\n\n\n\n<p>Posteriormente arribo el gobernador el estado a la explanada del parque Ju\u00e1rez para dar inicio al izamiento de la Bandera Nacional, donde no estuvo presente el presidente municipal de Xalapa Hip\u00f3lito Rodr\u00edguez Herrero, se desconoce el porque no asisti\u00f3 a dicho evento para acompa\u00f1ar al gobernador.<\/p>\n\n\n\n<p>Al concluir el acto c\u00edvico el gobernador de estado se retir\u00f3 del lugar acompa\u00f1ado de las diferentes autoridades que lo acompa\u00f1aron donde la Fiscal atendi\u00f3 a los diferentes medios de comunicaci\u00f3n y la presidenta del TSJE trat\u00f3 de evadirlos por lo que sus escoltan trataban de darle paso y evitar ser entrevistada.<\/p>\n\n\n\n<p>Finalmente cabe se\u00f1alar que al ser detenida para ser entrevistada el gobernador del estado sali\u00f3 en su auxilio y haciendo a\u00fan lado a las escoltas de la magistrada la &#8220;rescato&#8221; ya que estaba siendo cuestionada sobre el tema de la magistrada Concepcion Flores Saviaga, a lo que el gobernador contesto que sostendr\u00edan una reuni\u00f3n con ella y se la llev\u00f3 del brazo para ingresar a palacio de gobierno.<\/p>\n","protected":false},"excerpt":{"rendered":"<p>Dar\u00edo Pale Xalapa, Ver.- Este 15 de septiembre se llev\u00f3 a cabo el izamiento de la Bandera en el parque Ju\u00e1rez donde algunas personalidades no quisieron hacer declaraciones incluso el gobernador del estado Cuitl\u00e1huac Garc\u00eda Jim\u00e9nez la hizo de guarura y el presidente municipal de Xalapa brill\u00f3 por su ausencia. En un principio arribo la [&hellip;]<\/p>\n","protected":false},"author":1,"featured_media":18395,"comment_status":"open","ping_status":"open","sticky":false,"template":"","format":"standard","meta":{"_jetpack_memberships_contains_paid_content":false,"footnotes":""},"categories":[3],"tags":[],"class_list":["post-18394","post","type-post","status-publish","format-standard","has-post-thumbnail","hentry","category-xalapa"],"jetpack_featured_media_url":"https:\/\/encuentroinformativo.com.mx\/wp-content\/uploads\/2021\/09\/2E7B6F9A-3921-4689-97E4-CFDFC2D88AEC.jpeg","jetpack_sharing_enabled":true,"jetpack_likes_enabled":true,"amp_enabled":true,"_links":{"self":[{"href":"https:\/\/encuentroinformativo.com.mx\/index.php?rest_route=\/wp\/v2\/posts\/18394","targetHints":{"allow":["GET"]}}],"collection":[{"href":"https:\/\/encuentroinformativo.com.mx\/index.php?rest_route=\/wp\/v2\/posts"}],"about":[{"href":"https:\/\/encuentroinformativo.com.mx\/index.php?rest_route=\/wp\/v2\/types\/post"}],"author":[{"embeddable":true,"href":"https:\/\/encuentroinformativo.com.mx\/index.php?rest_route=\/wp\/v2\/users\/1"}],"replies":[{"embeddable":true,"href":"https:\/\/encuentroinformativo.com.mx\/index.php?rest_route=%2Fwp%2Fv2%2Fcomments&post=18394"}],"version-history":[{"count":1,"href":"https:\/\/encuentroinformativo.com.mx\/index.php?rest_route=\/wp\/v2\/posts\/18394\/revisions"}],"predecessor-version":[{"id":18396,"href":"https:\/\/encuentroinformativo.com.mx\/index.php?rest_route=\/wp\/v2\/posts\/18394\/revisions\/18396"}],"wp:featuredmedia":[{"embeddable":true,"href":"https:\/\/encuentroinformativo.com.mx\/index.php?rest_route=\/wp\/v2\/media\/18395"}],"wp:attachment":[{"href":"https:\/\/encuentroinformativo.com.mx\/index.php?rest_route=%2Fwp%2Fv2%2Fmedia&parent=18394"}],"wp:term":[{"taxonomy":"category","embeddable":true,"href":"https:\/\/encuentroinformativo.com.mx\/index.php?rest_route=%2Fwp%2Fv2%2Fcategories&post=18394"},{"taxonomy":"post_tag","embeddable":true,"href":"https:\/\/encuentroinformativo.com.mx\/index.php?rest_route=%2Fwp%2Fv2%2Ftags&post=18394"}],"curies":[{"name":"wp","href":"https:\/\/api.w.org\/{rel}","templated":true}]}}