{"id":18400,"date":"2021-09-15T12:19:34","date_gmt":"2021-09-15T17:19:34","guid":{"rendered":"https:\/\/encuentroinformativo.com.mx\/?p=18400"},"modified":"2021-09-15T12:19:38","modified_gmt":"2021-09-15T17:19:38","slug":"niegan-desalojo-de-magistrada-en-el-poder-judicial","status":"publish","type":"post","link":"https:\/\/encuentroinformativo.com.mx\/?p=18400","title":{"rendered":"Niegan desalojo de magistrada en el Poder Judicial"},"content":{"rendered":"\n<p><strong>Dar\u00edo Pale <\/strong><\/p>\n\n\n\n<p>Xalapa, Ver.- Debido a la presunta remoci\u00f3n de la magistrada Concepci\u00f3n Flores Saviaga &#8220;no fue desalojada, Dios m\u00edo&#8221;, as\u00ed lo dio a conocer la presidenta del Tribunal Superior de Justicia y del Consejo de la Judicatura, Isabel In\u00e9s Romero Cruz.<\/p>\n\n\n\n<p>Entrevistada a su arribo al parque Ju\u00e1rez donde particip\u00f3 en el izamiento de la Bandera Nacional donde no quer\u00eda dar declaraciones solo se\u00f1al\u00f3 que las acusaciones sobre el desaloj\u00f3 que hab\u00eda hecho en las oficinas de Flores Saviaga eran falsas, sin embargo se neg\u00f3 a explicar lo que s\u00ed hab\u00eda sucedido.<\/p>\n\n\n\n<p>\u201cNo, no fue desalojada, Dios m\u00edo\u201d, fue lo \u00fanico que dijo al contesto al ser cuestionada en ese tema.<\/p>\n\n\n\n<p>En cuanto el regreso a las labores normales del Tribunal coment\u00f3 que a partir del 1 de octubre iniciar\u00edan labores los juzgados bajo la nueva reforma laboral y en coordinaci\u00f3n con el Centro de Conciliaci\u00f3n.<\/p>\n\n\n\n<p>Finalmente al ser cuestionada sobre los se\u00f1alamientos que hace la magistrada Flores Saviaga sobre el desfalco financiero solo se limit\u00f3 a responder &#8220;perm\u00edtame lo vamos a arreglar despu\u00e9s le doy.. Despu\u00e9s&#8221;.<\/p>\n","protected":false},"excerpt":{"rendered":"<p>Dar\u00edo Pale Xalapa, Ver.- Debido a la presunta remoci\u00f3n de la magistrada Concepci\u00f3n Flores Saviaga &#8220;no fue desalojada, Dios m\u00edo&#8221;, as\u00ed lo dio a conocer la presidenta del Tribunal Superior de Justicia y del Consejo de la Judicatura, Isabel In\u00e9s Romero Cruz. Entrevistada a su arribo al parque Ju\u00e1rez donde particip\u00f3 en el izamiento de [&hellip;]<\/p>\n","protected":false},"author":1,"featured_media":18401,"comment_status":"open","ping_status":"open","sticky":false,"template":"","format":"standard","meta":{"_jetpack_memberships_contains_paid_content":false,"footnotes":""},"categories":[2],"tags":[],"class_list":["post-18400","post","type-post","status-publish","format-standard","has-post-thumbnail","hentry","category-estado"],"jetpack_featured_media_url":"https:\/\/encuentroinformativo.com.mx\/wp-content\/uploads\/2021\/09\/6AB0BB47-F1A4-4C00-A3D8-7E327E1E850B.jpeg","jetpack_sharing_enabled":true,"jetpack_likes_enabled":true,"amp_enabled":true,"_links":{"self":[{"href":"https:\/\/encuentroinformativo.com.mx\/index.php?rest_route=\/wp\/v2\/posts\/18400","targetHints":{"allow":["GET"]}}],"collection":[{"href":"https:\/\/encuentroinformativo.com.mx\/index.php?rest_route=\/wp\/v2\/posts"}],"about":[{"href":"https:\/\/encuentroinformativo.com.mx\/index.php?rest_route=\/wp\/v2\/types\/post"}],"author":[{"embeddable":true,"href":"https:\/\/encuentroinformativo.com.mx\/index.php?rest_route=\/wp\/v2\/users\/1"}],"replies":[{"embeddable":true,"href":"https:\/\/encuentroinformativo.com.mx\/index.php?rest_route=%2Fwp%2Fv2%2Fcomments&post=18400"}],"version-history":[{"count":1,"href":"https:\/\/encuentroinformativo.com.mx\/index.php?rest_route=\/wp\/v2\/posts\/18400\/revisions"}],"predecessor-version":[{"id":18402,"href":"https:\/\/encuentroinformativo.com.mx\/index.php?rest_route=\/wp\/v2\/posts\/18400\/revisions\/18402"}],"wp:featuredmedia":[{"embeddable":true,"href":"https:\/\/encuentroinformativo.com.mx\/index.php?rest_route=\/wp\/v2\/media\/18401"}],"wp:attachment":[{"href":"https:\/\/encuentroinformativo.com.mx\/index.php?rest_route=%2Fwp%2Fv2%2Fmedia&parent=18400"}],"wp:term":[{"taxonomy":"category","embeddable":true,"href":"https:\/\/encuentroinformativo.com.mx\/index.php?rest_route=%2Fwp%2Fv2%2Fcategories&post=18400"},{"taxonomy":"post_tag","embeddable":true,"href":"https:\/\/encuentroinformativo.com.mx\/index.php?rest_route=%2Fwp%2Fv2%2Ftags&post=18400"}],"curies":[{"name":"wp","href":"https:\/\/api.w.org\/{rel}","templated":true}]}}