{"id":18403,"date":"2021-09-15T13:35:03","date_gmt":"2021-09-15T18:35:03","guid":{"rendered":"https:\/\/encuentroinformativo.com.mx\/?p=18403"},"modified":"2021-09-15T13:35:07","modified_gmt":"2021-09-15T18:35:07","slug":"por-fiestas-patrias-cerrado-centro-de-xalapa","status":"publish","type":"post","link":"https:\/\/encuentroinformativo.com.mx\/?p=18403","title":{"rendered":"Por fiestas patrias, cerrado centro de Xalapa"},"content":{"rendered":"\n<p><strong>Juan Arcos<\/strong><\/p>\n\n\n\n<p>Xalapa, Ver.- Despu\u00e9s de las diez y media de la ma\u00f1ana de este mi\u00e9rcoles fueron cerradas las calles del Centro Hist\u00f3rico de Xalapa por los preparativos para la ceremonia virtual del Grito de Independencia.<\/p>\n\n\n\n<p>Personal de la Direcci\u00f3n General de Tr\u00e1nsito y Seguridad Vial y de la Polic\u00eda Estatal colocaron vallas met\u00e1licas sobre las calles Juan de la Luz Enr\u00edquez, Leandro Valle, Doctor Rafael Lucio, Primo Verdad, Felipe Carrillo Puerto y hacia la avenida Manuel \u00c1vila Camacho.<\/p>\n\n\n\n<p>Lo anterior, gener\u00f3 un caos vial en la zona centro de la ciudad, debido a que el cierre total del primer cuadro estaba programado para las seis de la tarde y hasta las 14:00 horas del 16 de septiembre.<\/p>\n\n\n\n<p>Ante el reclamo de conductores, los servidores p\u00fablicos liberaron dos carriles de la calle Enr\u00edquez y ocuparon solo el que colinda con el Palacio de Gobierno para continuar las maniobras.<\/p>\n\n\n\n<p>La ceremonia del \u201cGrito de Independencia\u201d ser\u00e1 encabezada por el gobernador Cuitl\u00e1huac Garc\u00eda Jim\u00e9nez a partir de las diez y media de la noche.<\/p>\n\n\n\n<p>El evento se realizar\u00e1 sin p\u00fablico por segundo a\u00f1o consecutivo, debido a la pandemia del SARS-COV-2 (COVID-19) y al incremento en los contagios.<\/p>\n\n\n\n<p>Solo ser\u00e1 transmitido a trav\u00e9s de la se\u00f1al de Radio y Televisi\u00f3n de Veracruz (RTV), como lo ha informado el mandatario estatal.<\/p>\n\n\n\n<p>Adem\u00e1s, las autoridades sanitarias han recomendado a la poblaci\u00f3n evitar aglomeraciones durante los festejos patrios para frenar los contagios de coronavirus en la entidad.<\/p>\n","protected":false},"excerpt":{"rendered":"<p>Juan Arcos Xalapa, Ver.- Despu\u00e9s de las diez y media de la ma\u00f1ana de este mi\u00e9rcoles fueron cerradas las calles del Centro Hist\u00f3rico de Xalapa por los preparativos para la ceremonia virtual del Grito de Independencia. Personal de la Direcci\u00f3n General de Tr\u00e1nsito y Seguridad Vial y de la Polic\u00eda Estatal colocaron vallas met\u00e1licas sobre [&hellip;]<\/p>\n","protected":false},"author":1,"featured_media":18404,"comment_status":"open","ping_status":"open","sticky":false,"template":"","format":"standard","meta":{"_jetpack_memberships_contains_paid_content":false,"footnotes":""},"categories":[3],"tags":[],"class_list":["post-18403","post","type-post","status-publish","format-standard","has-post-thumbnail","hentry","category-xalapa"],"jetpack_featured_media_url":"https:\/\/encuentroinformativo.com.mx\/wp-content\/uploads\/2021\/09\/B64AE6D0-7B51-4D70-9268-53F21C49BF55.jpeg","jetpack_sharing_enabled":true,"jetpack_likes_enabled":true,"amp_enabled":true,"_links":{"self":[{"href":"https:\/\/encuentroinformativo.com.mx\/index.php?rest_route=\/wp\/v2\/posts\/18403","targetHints":{"allow":["GET"]}}],"collection":[{"href":"https:\/\/encuentroinformativo.com.mx\/index.php?rest_route=\/wp\/v2\/posts"}],"about":[{"href":"https:\/\/encuentroinformativo.com.mx\/index.php?rest_route=\/wp\/v2\/types\/post"}],"author":[{"embeddable":true,"href":"https:\/\/encuentroinformativo.com.mx\/index.php?rest_route=\/wp\/v2\/users\/1"}],"replies":[{"embeddable":true,"href":"https:\/\/encuentroinformativo.com.mx\/index.php?rest_route=%2Fwp%2Fv2%2Fcomments&post=18403"}],"version-history":[{"count":1,"href":"https:\/\/encuentroinformativo.com.mx\/index.php?rest_route=\/wp\/v2\/posts\/18403\/revisions"}],"predecessor-version":[{"id":18405,"href":"https:\/\/encuentroinformativo.com.mx\/index.php?rest_route=\/wp\/v2\/posts\/18403\/revisions\/18405"}],"wp:featuredmedia":[{"embeddable":true,"href":"https:\/\/encuentroinformativo.com.mx\/index.php?rest_route=\/wp\/v2\/media\/18404"}],"wp:attachment":[{"href":"https:\/\/encuentroinformativo.com.mx\/index.php?rest_route=%2Fwp%2Fv2%2Fmedia&parent=18403"}],"wp:term":[{"taxonomy":"category","embeddable":true,"href":"https:\/\/encuentroinformativo.com.mx\/index.php?rest_route=%2Fwp%2Fv2%2Fcategories&post=18403"},{"taxonomy":"post_tag","embeddable":true,"href":"https:\/\/encuentroinformativo.com.mx\/index.php?rest_route=%2Fwp%2Fv2%2Ftags&post=18403"}],"curies":[{"name":"wp","href":"https:\/\/api.w.org\/{rel}","templated":true}]}}