{"id":18410,"date":"2021-09-15T14:43:54","date_gmt":"2021-09-15T19:43:54","guid":{"rendered":"https:\/\/encuentroinformativo.com.mx\/?p=18410"},"modified":"2021-09-15T14:43:58","modified_gmt":"2021-09-15T19:43:58","slug":"brinda-ivm-acompanamiento-a-mujeres-con-interrupcion-de-embarazo","status":"publish","type":"post","link":"https:\/\/encuentroinformativo.com.mx\/?p=18410","title":{"rendered":"Brinda IVM acompa\u00f1amiento a mujeres con interrupci\u00f3n de embarazo"},"content":{"rendered":"\n<p><strong>Dar\u00edo Pale<\/strong> <\/p>\n\n\n\n<p>Xalapa, Ver.- La encargada del Instituto Veracruzano de la Mujer, Roc\u00edo Villafuerte dio a conocer que actualmente acompa\u00f1a a tres f\u00e9minas que han interrumpido legal o involuntariamente su embarazo, una de ellas menor de edad.<\/p>\n\n\n\n<p>Entrevistada previo a la guardia de honor en el parque de los Berros asegur\u00f3 que en el Estado no existe ninguna mujer presa por haber abortado o por el delito de homicidio en grado de parentezco como en el caso de la se\u00f1ora Diana Patricia, quien durante la madrugada de este mi\u00e9rcoles, sali\u00f3 en libertad gracias al fallo que emiti\u00f3 la Suprema Corte de Justicia de la Naci\u00f3n para despenalizar el aborto.<\/p>\n\n\n\n<p>Asimismo, neg\u00f3 que en el Estado existan mujeres recluidas en alg\u00fan Centro de Reinserci\u00f3n Social por homicidio en grado de parentezco.<\/p>\n\n\n\n<p>&#8220;En Diana era otra situaci\u00f3n de tipo penal, pero es a la defensor\u00eda p\u00fablica dar los pormenores del encuadramiento y las causales para lograr su libertad&#8221;, subray\u00f3.<\/p>\n\n\n\n<p>Roc\u00edo Villafuerte afirm\u00f3 que el sector salud est\u00e1 cumpliendo de manera puntual para llevar a cabo los abortos a ra\u00edz de la despenalizaci\u00f3n del aborto, adem\u00e1s de que se cuenta con m\u00e9dicos no objetores, por lo que el servicio &#8220;est\u00e1 garantizado&#8221;.<\/p>\n\n\n\n<p>Dio a conocer que actualmente hay tres casos de mujeres que quieren abortar, una de \u00e9stas menor de edad, pero en los tres casos se trat\u00f3 de embarazos producto de una violaci\u00f3n sexual.<\/p>\n\n\n\n<p>&#8220;En el Instituto hemos podido canalizar tres casos, pero somos acompa\u00f1antes de otros tantos a lo largo de la entidad por interrupci\u00f3n legal e involuntaria. Le puedo decir que ayer. Tenemos el caso de una menor de edad&#8221;, se\u00f1al\u00f3.<\/p>\n\n\n\n<p>Sobre el caso de Diana Patricia, originaria de Oluta, quien fue encarcelada tras sufrir un aborto espont\u00e1neo en mayo pasado, Roc\u00edo Villafuerte precis\u00f3 que tras dictarse por la Suprema Corte de Justicia de la Naci\u00f3n la inconstitucionalidad de la interrupci\u00f3n del embarazo, sali\u00f3 en libertad y ya se encuentra con su familia.<\/p>\n\n\n\n<p>&#8220;Ella sali\u00f3 anoche, fue la Defensor\u00eda P\u00fablica del Estado de Veracruz la que atendi\u00f3 el caso, la que llev\u00f3 la puntual defensa. El Instituto Veracruzano de las Mujeres se sum\u00f3 con el acompa\u00f1amiento y con la aportaci\u00f3n de las expertas en los temas de salud, medicina, psicolog\u00eda, trabajo social&#8230;, se dict\u00f3 un acto de sobreseimiento y Diana fue excarcelada por ah\u00ed de las 2 de la ma\u00f1ana quiz\u00e1. Ella est\u00e1 en su casa, ya est\u00e1 con sus hijos los mayores y el peque\u00f1o, ella es madre de tres ni\u00f1os&#8221;, agreg\u00f3.<\/p>\n\n\n\n<p>En ese sentido, aclar\u00f3 que en Veracruz no hay mujeres presas por aborto, lo que pudo haber habido es que hubiera algunas que cumplieron sentencia y ya liberadas.<\/p>\n\n\n\n<p>En otro orden de ideas, detall\u00f3 que al primer semestre de 2021 tienen un registro de casi 5 mil atenciones a mujeres por v\u00edctimas de alg\u00fan tipo de violencia, la servidora p\u00fablica extern\u00f3 que los patrones de violencia no han cambiado, son los mismos debido a los roles de anta\u00f1o, que se forman desde la ni\u00f1ez.<\/p>\n\n\n\n<p>&#8220;Tenemos un corte de 4 mil 500, casi 5 mil casos de atenciones integrales que damos desde todas las instancias que atendemos violencia, no nada m\u00e1s el Instituto, sino las instituciones que alimentan el Banco Estatal de Datos&#8221;, se\u00f1al\u00f3 y detall\u00f3 que son de todo tipo y modalidades de violencia, aunque la que tiene el &#8220;pico m\u00e1s alto&#8221; es la violencia psicol\u00f3gica, seguida de la violencia f\u00edsica.<\/p>\n\n\n\n<p>Sostuvo que dentro de los seguimientos que han dado no tienen registro de que hayan derivado en un femicidio.<\/p>\n\n\n\n<p>&#8220;Lamentablemente son situaciones que se gestan dentro de un contexto encubierto y saben que s\u00ed tenemos capas en el Estado (feminicidios), y cuando se da la modalidad femicida el Refugio Estatal para Mujeres que sufren violencia ha aumentado su atenci\u00f3n. Tenemos alrededor de 50 personas en el refugio&#8221;, finaliz\u00f3.<\/p>\n","protected":false},"excerpt":{"rendered":"<p>Dar\u00edo Pale Xalapa, Ver.- La encargada del Instituto Veracruzano de la Mujer, Roc\u00edo Villafuerte dio a conocer que actualmente acompa\u00f1a a tres f\u00e9minas que han interrumpido legal o involuntariamente su embarazo, una de ellas menor de edad. Entrevistada previo a la guardia de honor en el parque de los Berros asegur\u00f3 que en el Estado [&hellip;]<\/p>\n","protected":false},"author":1,"featured_media":18411,"comment_status":"open","ping_status":"open","sticky":false,"template":"","format":"standard","meta":{"_jetpack_memberships_contains_paid_content":false,"footnotes":""},"categories":[2],"tags":[],"class_list":["post-18410","post","type-post","status-publish","format-standard","has-post-thumbnail","hentry","category-estado"],"jetpack_featured_media_url":"https:\/\/encuentroinformativo.com.mx\/wp-content\/uploads\/2021\/09\/FD93B27C-19F1-4783-91FB-54AC33B6CA1F.jpeg","jetpack_sharing_enabled":true,"jetpack_likes_enabled":true,"amp_enabled":true,"_links":{"self":[{"href":"https:\/\/encuentroinformativo.com.mx\/index.php?rest_route=\/wp\/v2\/posts\/18410","targetHints":{"allow":["GET"]}}],"collection":[{"href":"https:\/\/encuentroinformativo.com.mx\/index.php?rest_route=\/wp\/v2\/posts"}],"about":[{"href":"https:\/\/encuentroinformativo.com.mx\/index.php?rest_route=\/wp\/v2\/types\/post"}],"author":[{"embeddable":true,"href":"https:\/\/encuentroinformativo.com.mx\/index.php?rest_route=\/wp\/v2\/users\/1"}],"replies":[{"embeddable":true,"href":"https:\/\/encuentroinformativo.com.mx\/index.php?rest_route=%2Fwp%2Fv2%2Fcomments&post=18410"}],"version-history":[{"count":1,"href":"https:\/\/encuentroinformativo.com.mx\/index.php?rest_route=\/wp\/v2\/posts\/18410\/revisions"}],"predecessor-version":[{"id":18412,"href":"https:\/\/encuentroinformativo.com.mx\/index.php?rest_route=\/wp\/v2\/posts\/18410\/revisions\/18412"}],"wp:featuredmedia":[{"embeddable":true,"href":"https:\/\/encuentroinformativo.com.mx\/index.php?rest_route=\/wp\/v2\/media\/18411"}],"wp:attachment":[{"href":"https:\/\/encuentroinformativo.com.mx\/index.php?rest_route=%2Fwp%2Fv2%2Fmedia&parent=18410"}],"wp:term":[{"taxonomy":"category","embeddable":true,"href":"https:\/\/encuentroinformativo.com.mx\/index.php?rest_route=%2Fwp%2Fv2%2Fcategories&post=18410"},{"taxonomy":"post_tag","embeddable":true,"href":"https:\/\/encuentroinformativo.com.mx\/index.php?rest_route=%2Fwp%2Fv2%2Ftags&post=18410"}],"curies":[{"name":"wp","href":"https:\/\/api.w.org\/{rel}","templated":true}]}}