{"id":18416,"date":"2021-09-15T15:01:00","date_gmt":"2021-09-15T20:01:00","guid":{"rendered":"https:\/\/encuentroinformativo.com.mx\/?p=18416"},"modified":"2021-09-15T15:01:03","modified_gmt":"2021-09-15T20:01:03","slug":"justifica-ople-retraso-en-asignacion-de-plurinominales","status":"publish","type":"post","link":"https:\/\/encuentroinformativo.com.mx\/?p=18416","title":{"rendered":"Justifica OPLE retraso en asignaci\u00f3n de plurinominales"},"content":{"rendered":"\n<p><strong>Dar\u00edo Pale<\/strong> <\/p>\n\n\n\n<p>Xalapa, Ver.- El consejero Presidente del Organismo P\u00fablico Local Electoral (OPLE), Jos\u00e9 Alejandro Bonilla Bonilla dio a conocer que ser\u00e1 en la primera quincena de octubre cuando den a conocer la lista definitiva de los diputados plurinominales.<\/p>\n\n\n\n<p>Entrevistado posterior a la guardia de honor en el parque de Los Berros se\u00f1al\u00f3 que, los 20 diputados de representaci\u00f3n proporcional la van a acordar en tiempo y forma cuando proceda legalmente, es decir &#8220;cuando termine toda la cadena impugnativa y los medios de impugnaci\u00f3n que han interpuesto los mismos partidos pol\u00edticos&#8221;.<\/p>\n\n\n\n<p>Record\u00f3 que despu\u00e9s de que \u00e9l OPLE toma una decisi\u00f3n, est\u00e1 el Tribunal Electoral de Veracruz, la Sala Regional de Xalapa y finalmente la sala superior, por lo que despu\u00e9s de pasar por esa instancias los 20 distritos electorales de Veracruz ellos no pueden sacar el listado de representaci\u00f3n proporcional.<\/p>\n\n\n\n<p>\u201cA nosotros no nos presiona nadie, nadie nos da instrucciones, nosotros somos aut\u00f3nomos e independientes, lo hemos demostrado en procesos ordinarios y extraordinarios que hemos tenido desde el 2016 para ac\u00e1&#8221;, se\u00f1al\u00f3.<\/p>\n\n\n\n<p>Siempre se ha respetado la voluntad ciudadana en todas las eleciones del 16, 17, 18 y ahora el 21 y las extraordinarias del 2018, por lo que siempre se han apegado a la legalidad por lo que siempre han sido respetuosos de los \u00f3rganos jurisdiccionales.<\/p>\n\n\n\n<p>Dio a conocer que al d\u00eda de hoy tiene reportado que de los 30 consejos distritales 26 est\u00e1n concluidos solo esperan cuatro para que puedan pronunciarse en ese sentido por lo que aproximadamente ser\u00eda en la primera quincena de octubre ya que dif\u00edcilmente puede ser antes.<\/p>\n\n\n\n<p>Coment\u00f3 que han existido algunas peque\u00f1as diferencias de votos pero no hay cambios significativos en los resultados.<\/p>\n\n\n\n<p>En lo que corresponde a los ayuntamiento inform\u00f3 que llevan 146 firmes que han causado estados los cuales junto con las diputaciones que ya confirmaron no hay ninguna elecci\u00f3n extraordinaria.<\/p>\n\n\n\n<p>En cuanto a la paridad se\u00f1al\u00f3 que van a aplicar ese principio, ya que es un principio constitucional que se debe de respetar y Veracruz a sido un pionero en el tema de la paridad, y este a\u00f1o no ser\u00e1 la excepci\u00f3n ya que cumplir\u00e1n de forma correcta.<\/p>\n\n\n\n<p>&#8220;El no binario no se le considera ni hombre ni mujer de tal forma que se saca de los 50 y entonces nuestro congreso se hace la repartici\u00f3n entre 49 entonces tendr\u00e1n que ser 25 mujeres y 24 hombre o 25 hombre y 24 mujeres la paridad tiene que ser uno m\u00e1s que otro porque tiene que ser un n\u00famero impar por el no binario, ya que el no binario no cuenta para ninguno de los dos g\u00e9neros&#8221;, se\u00f1al\u00f3.<\/p>\n\n\n\n<p>Finalmente se\u00f1al\u00f3 que hay normatividad es y sentencias en ese tema, por lo que no se puede tomar como hombre o como mujer por lo que para el efecto de la paridad son 49 en el congreso es un n\u00famero impar y cumplir\u00e1n en tiempo y forma con la representaci\u00f3n proporcional de diputados y de ayuntamientos.<\/p>\n","protected":false},"excerpt":{"rendered":"<p>Dar\u00edo Pale Xalapa, Ver.- El consejero Presidente del Organismo P\u00fablico Local Electoral (OPLE), Jos\u00e9 Alejandro Bonilla Bonilla dio a conocer que ser\u00e1 en la primera quincena de octubre cuando den a conocer la lista definitiva de los diputados plurinominales. Entrevistado posterior a la guardia de honor en el parque de Los Berros se\u00f1al\u00f3 que, los [&hellip;]<\/p>\n","protected":false},"author":1,"featured_media":18417,"comment_status":"open","ping_status":"open","sticky":false,"template":"","format":"standard","meta":{"_jetpack_memberships_contains_paid_content":false,"footnotes":""},"categories":[2],"tags":[],"class_list":["post-18416","post","type-post","status-publish","format-standard","has-post-thumbnail","hentry","category-estado"],"jetpack_featured_media_url":"https:\/\/encuentroinformativo.com.mx\/wp-content\/uploads\/2021\/09\/51A1CF17-3BAC-404F-849E-8541861B1645.jpeg","jetpack_sharing_enabled":true,"jetpack_likes_enabled":true,"amp_enabled":true,"_links":{"self":[{"href":"https:\/\/encuentroinformativo.com.mx\/index.php?rest_route=\/wp\/v2\/posts\/18416","targetHints":{"allow":["GET"]}}],"collection":[{"href":"https:\/\/encuentroinformativo.com.mx\/index.php?rest_route=\/wp\/v2\/posts"}],"about":[{"href":"https:\/\/encuentroinformativo.com.mx\/index.php?rest_route=\/wp\/v2\/types\/post"}],"author":[{"embeddable":true,"href":"https:\/\/encuentroinformativo.com.mx\/index.php?rest_route=\/wp\/v2\/users\/1"}],"replies":[{"embeddable":true,"href":"https:\/\/encuentroinformativo.com.mx\/index.php?rest_route=%2Fwp%2Fv2%2Fcomments&post=18416"}],"version-history":[{"count":1,"href":"https:\/\/encuentroinformativo.com.mx\/index.php?rest_route=\/wp\/v2\/posts\/18416\/revisions"}],"predecessor-version":[{"id":18418,"href":"https:\/\/encuentroinformativo.com.mx\/index.php?rest_route=\/wp\/v2\/posts\/18416\/revisions\/18418"}],"wp:featuredmedia":[{"embeddable":true,"href":"https:\/\/encuentroinformativo.com.mx\/index.php?rest_route=\/wp\/v2\/media\/18417"}],"wp:attachment":[{"href":"https:\/\/encuentroinformativo.com.mx\/index.php?rest_route=%2Fwp%2Fv2%2Fmedia&parent=18416"}],"wp:term":[{"taxonomy":"category","embeddable":true,"href":"https:\/\/encuentroinformativo.com.mx\/index.php?rest_route=%2Fwp%2Fv2%2Fcategories&post=18416"},{"taxonomy":"post_tag","embeddable":true,"href":"https:\/\/encuentroinformativo.com.mx\/index.php?rest_route=%2Fwp%2Fv2%2Ftags&post=18416"}],"curies":[{"name":"wp","href":"https:\/\/api.w.org\/{rel}","templated":true}]}}