{"id":18425,"date":"2021-09-15T16:28:18","date_gmt":"2021-09-15T21:28:18","guid":{"rendered":"https:\/\/encuentroinformativo.com.mx\/?p=18425"},"modified":"2021-09-15T16:28:22","modified_gmt":"2021-09-15T21:28:22","slug":"reactivan-parquimetros-en-calles-de-veracruz-puerto","status":"publish","type":"post","link":"https:\/\/encuentroinformativo.com.mx\/?p=18425","title":{"rendered":"Reactivan parqu\u00edmetros en calles de Veracruz puerto"},"content":{"rendered":"\n<p><strong>Alejandro \u00c1vila<\/strong><\/p>\n\n\n\n<p>Veracruz, Ver.- Vecinos de la zona centro, denuncian la reactivaci\u00f3n de los parqu\u00edmetros sobre la avenida Hidalgo y calles aleda\u00f1as, reclamando que hab\u00edan sido puestos fuera de circulaci\u00f3n por orden del Ayuntamiento de Veracruz.<\/p>\n\n\n\n<p>Desde este martes 14 de septiembre, m\u00e1s de 100 espacios fueron nuevamente habilitados con pago de parquimetro, aunque se acusan irregularidades por parte de la empresa Zeus, pues el reloj de la maquina que expide los boletos no est\u00e1 sincronizado y en menos de 12 horas de haber sido habilitados, al menos 10 personas fueron multadas.<\/p>\n\n\n\n<p>Los vecinos exponen que esto afectar\u00e1 los comercios cercanos, pues si de por si, &#8220;el centro est\u00e1 muerto&#8221; (sic), con esta situaci\u00f3n, menos personas van a querer acudir y bajaran las ventas.<\/p>\n\n\n\n<p>De la misma manera, se\u00f1alaron que el llevar sus veh\u00edculos hasta la calle Allende, donde no hay parquimetros, es un riesgo grande, pues durante los \u00faltimos meses se presentaron varios robos a autom\u00f3viles estacionados, por lo que se incrementaron las denuncias en la zona y se catalog\u00f3 como &#8220;foco rojo&#8221;.<\/p>\n","protected":false},"excerpt":{"rendered":"<p>Alejandro \u00c1vila Veracruz, Ver.- Vecinos de la zona centro, denuncian la reactivaci\u00f3n de los parqu\u00edmetros sobre la avenida Hidalgo y calles aleda\u00f1as, reclamando que hab\u00edan sido puestos fuera de circulaci\u00f3n por orden del Ayuntamiento de Veracruz. Desde este martes 14 de septiembre, m\u00e1s de 100 espacios fueron nuevamente habilitados con pago de parquimetro, aunque se [&hellip;]<\/p>\n","protected":false},"author":1,"featured_media":18426,"comment_status":"open","ping_status":"open","sticky":false,"template":"","format":"standard","meta":{"_jetpack_memberships_contains_paid_content":false,"footnotes":""},"categories":[2],"tags":[],"class_list":["post-18425","post","type-post","status-publish","format-standard","has-post-thumbnail","hentry","category-estado"],"jetpack_featured_media_url":"https:\/\/encuentroinformativo.com.mx\/wp-content\/uploads\/2021\/09\/21EBA953-92A0-43F4-887C-8A81903D927F.jpeg","jetpack_sharing_enabled":true,"jetpack_likes_enabled":true,"amp_enabled":true,"_links":{"self":[{"href":"https:\/\/encuentroinformativo.com.mx\/index.php?rest_route=\/wp\/v2\/posts\/18425","targetHints":{"allow":["GET"]}}],"collection":[{"href":"https:\/\/encuentroinformativo.com.mx\/index.php?rest_route=\/wp\/v2\/posts"}],"about":[{"href":"https:\/\/encuentroinformativo.com.mx\/index.php?rest_route=\/wp\/v2\/types\/post"}],"author":[{"embeddable":true,"href":"https:\/\/encuentroinformativo.com.mx\/index.php?rest_route=\/wp\/v2\/users\/1"}],"replies":[{"embeddable":true,"href":"https:\/\/encuentroinformativo.com.mx\/index.php?rest_route=%2Fwp%2Fv2%2Fcomments&post=18425"}],"version-history":[{"count":1,"href":"https:\/\/encuentroinformativo.com.mx\/index.php?rest_route=\/wp\/v2\/posts\/18425\/revisions"}],"predecessor-version":[{"id":18427,"href":"https:\/\/encuentroinformativo.com.mx\/index.php?rest_route=\/wp\/v2\/posts\/18425\/revisions\/18427"}],"wp:featuredmedia":[{"embeddable":true,"href":"https:\/\/encuentroinformativo.com.mx\/index.php?rest_route=\/wp\/v2\/media\/18426"}],"wp:attachment":[{"href":"https:\/\/encuentroinformativo.com.mx\/index.php?rest_route=%2Fwp%2Fv2%2Fmedia&parent=18425"}],"wp:term":[{"taxonomy":"category","embeddable":true,"href":"https:\/\/encuentroinformativo.com.mx\/index.php?rest_route=%2Fwp%2Fv2%2Fcategories&post=18425"},{"taxonomy":"post_tag","embeddable":true,"href":"https:\/\/encuentroinformativo.com.mx\/index.php?rest_route=%2Fwp%2Fv2%2Ftags&post=18425"}],"curies":[{"name":"wp","href":"https:\/\/api.w.org\/{rel}","templated":true}]}}