{"id":1843,"date":"2020-04-14T15:46:13","date_gmt":"2020-04-14T20:46:13","guid":{"rendered":"https:\/\/encuentroinformativo.com\/?p=1843"},"modified":"2020-04-14T15:46:15","modified_gmt":"2020-04-14T20:46:15","slug":"efectuaran-acciones-de-sanitizacion-en-coatepec","status":"publish","type":"post","link":"https:\/\/encuentroinformativo.com.mx\/?p=1843","title":{"rendered":"Efectuar\u00e1n acciones de sanitizaci\u00f3n en Coatepec"},"content":{"rendered":"\n<p><strong>Juan Arcos<\/strong><\/p>\n\n\n\n<p>Coatepec, Ver.- El Ayuntamiento de Coatepec anunci\u00f3 un operativo de sanitizaci\u00f3n en lugares p\u00fablicos para reducir el riesgo de contagio por coronavirus.<\/p>\n\n\n\n<p>El gobierno municipal indic\u00f3 en sus cuentas oficiales de redes sociales que dichas acciones estar\u00e1n a cargo del Departamento de Salud en coordinaci\u00f3n con Servicios Municipales y Protecci\u00f3n Civil de Coatepec.<\/p>\n\n\n\n<p>Los trabajos est\u00e1n programados para las 22:00 horas de este martes 14 de abril.<\/p>\n\n\n\n<p>Lo anterior, para desinfectar las superficies de espacios p\u00fablicos con equipo sanitizante que se esparcir\u00e1 en lugares que aglomeran personas.<\/p>\n\n\n\n<p>La primera etapa de este programa dar\u00e1 prioridad a espacios abiertos, como plazas p\u00fablicas, centrales de transporte p\u00fablico y calles c\u00e9ntricas de la cabecera municipal y congregaciones.<\/p>\n\n\n\n<p>En ese sentido, autoridades municipales pidieron a la poblaci\u00f3n que padece alergias y enfermedades respiratorias que mantenga cerradas puertas y ventanas, para evitar alguna reacci\u00f3n al\u00e9rgica al producto sanitizante.<\/p>\n\n\n\n<p>Cabe recordar que en el Pueblo M\u00e1gico a\u00fan no hay casos confirmados de COVID-19.<\/p>\n\n\n\n<p>Incluso, el presidente municipal Luis Enrique Fern\u00e1ndez Peredo indic\u00f3 que, de acuerdo con informaci\u00f3n de la Secretar\u00eda de Salud del Estado de Veracruz, solo hay cinco casos sospechosos en Coatepec.<\/p>\n","protected":false},"excerpt":{"rendered":"<p>Juan Arcos Coatepec, Ver.- El Ayuntamiento de Coatepec anunci\u00f3 un operativo de sanitizaci\u00f3n en lugares p\u00fablicos para reducir el riesgo de contagio por coronavirus. El gobierno municipal indic\u00f3 en sus cuentas oficiales de redes sociales que dichas acciones estar\u00e1n a cargo del Departamento de Salud en coordinaci\u00f3n con Servicios Municipales y Protecci\u00f3n Civil de Coatepec. [&hellip;]<\/p>\n","protected":false},"author":1,"featured_media":1844,"comment_status":"open","ping_status":"open","sticky":false,"template":"","format":"standard","meta":{"_jetpack_memberships_contains_paid_content":false,"footnotes":""},"categories":[8],"tags":[],"class_list":["post-1843","post","type-post","status-publish","format-standard","has-post-thumbnail","hentry","category-region"],"jetpack_featured_media_url":"https:\/\/encuentroinformativo.com.mx\/wp-content\/uploads\/2020\/04\/5E2E475C-C2BC-47A2-A17A-FEC3E0721192.jpeg","jetpack_sharing_enabled":true,"jetpack_likes_enabled":true,"amp_enabled":true,"_links":{"self":[{"href":"https:\/\/encuentroinformativo.com.mx\/index.php?rest_route=\/wp\/v2\/posts\/1843","targetHints":{"allow":["GET"]}}],"collection":[{"href":"https:\/\/encuentroinformativo.com.mx\/index.php?rest_route=\/wp\/v2\/posts"}],"about":[{"href":"https:\/\/encuentroinformativo.com.mx\/index.php?rest_route=\/wp\/v2\/types\/post"}],"author":[{"embeddable":true,"href":"https:\/\/encuentroinformativo.com.mx\/index.php?rest_route=\/wp\/v2\/users\/1"}],"replies":[{"embeddable":true,"href":"https:\/\/encuentroinformativo.com.mx\/index.php?rest_route=%2Fwp%2Fv2%2Fcomments&post=1843"}],"version-history":[{"count":1,"href":"https:\/\/encuentroinformativo.com.mx\/index.php?rest_route=\/wp\/v2\/posts\/1843\/revisions"}],"predecessor-version":[{"id":1845,"href":"https:\/\/encuentroinformativo.com.mx\/index.php?rest_route=\/wp\/v2\/posts\/1843\/revisions\/1845"}],"wp:featuredmedia":[{"embeddable":true,"href":"https:\/\/encuentroinformativo.com.mx\/index.php?rest_route=\/wp\/v2\/media\/1844"}],"wp:attachment":[{"href":"https:\/\/encuentroinformativo.com.mx\/index.php?rest_route=%2Fwp%2Fv2%2Fmedia&parent=1843"}],"wp:term":[{"taxonomy":"category","embeddable":true,"href":"https:\/\/encuentroinformativo.com.mx\/index.php?rest_route=%2Fwp%2Fv2%2Fcategories&post=1843"},{"taxonomy":"post_tag","embeddable":true,"href":"https:\/\/encuentroinformativo.com.mx\/index.php?rest_route=%2Fwp%2Fv2%2Ftags&post=1843"}],"curies":[{"name":"wp","href":"https:\/\/api.w.org\/{rel}","templated":true}]}}