{"id":18437,"date":"2021-09-16T01:21:32","date_gmt":"2021-09-16T06:21:32","guid":{"rendered":"https:\/\/encuentroinformativo.com.mx\/?p=18437"},"modified":"2021-09-16T01:21:35","modified_gmt":"2021-09-16T06:21:35","slug":"sin-publico-se-celebro-grito-de-independencia","status":"publish","type":"post","link":"https:\/\/encuentroinformativo.com.mx\/?p=18437","title":{"rendered":"Sin p\u00fablico, se celebr\u00f3 Grito de Independencia"},"content":{"rendered":"\n<p><strong>Juan Arcos <\/strong><\/p>\n\n\n\n<p>Xalapa, Ver.- El gobernador Cuitl\u00e1huac Garc\u00eda Jim\u00e9nez son\u00f3 las campanas de Palacio de Gobierno en el Centro Hist\u00f3rico de Xalapa sin la presencia de ciudadanas y ciudadanos en Plaza Sebasti\u00e1n Lerdo de Tejada, la noche de este 15 de septiembre.\u00a0<\/p>\n\n\n\n<p>\u201c\u00a1Viva M\u00e9xico!\u201d, exclam\u00f3 el mandatario estatal despu\u00e9s de las 23:10 horas en el primer cuadro de la ciudad, donde las calles lucieron vac\u00edas durante la ceremonia del Grito de Independencia.<\/p>\n\n\n\n<p>Un fuerte operativo de seguridad fue desplegado en la zona para la celebraci\u00f3n del 211 aniversario de la Independencia de M\u00e9xico.<\/p>\n\n\n\n<p>Desde las seis de la tarde, participaron 417 polic\u00edas estatales en el cierre de 16 cruceros para blindar el sitio.<\/p>\n\n\n\n<p>La gente solo pudo apreciar los fuegos artificiales y el juego de luces en el cielo desde las azoteas de sus casas y de los edificios que se encuentran en la zona centro de la capital del estado.<\/p>\n\n\n\n<p>La ceremonia se llev\u00f3 a cabo de manera virtual por segundo a\u00f1o consecutivo, debido a la tercera ola de contagios por SARS-COV-2 (COVID-19).<\/p>\n\n\n\n<p>Fue transmitida a trav\u00e9s de la se\u00f1al de Radio y Televisi\u00f3n de Veracruz (RTV), as\u00ed como tambi\u00e9n en redes sociales por parte de diversos medios de comunicaci\u00f3n.\u00a0<\/p>\n\n\n\n<figure class=\"wp-block-image size-large\"><img loading=\"lazy\" decoding=\"async\" width=\"1024\" height=\"768\" src=\"https:\/\/encuentroinformativo.com.mx\/wp-content\/uploads\/2021\/09\/3810E9B1-077E-4C96-8FF0-7C2441C36D33-1024x768.jpeg\" alt=\"\" class=\"wp-image-18439\" srcset=\"https:\/\/encuentroinformativo.com.mx\/wp-content\/uploads\/2021\/09\/3810E9B1-077E-4C96-8FF0-7C2441C36D33-1024x768.jpeg 1024w, https:\/\/encuentroinformativo.com.mx\/wp-content\/uploads\/2021\/09\/3810E9B1-077E-4C96-8FF0-7C2441C36D33-300x225.jpeg 300w, https:\/\/encuentroinformativo.com.mx\/wp-content\/uploads\/2021\/09\/3810E9B1-077E-4C96-8FF0-7C2441C36D33-768x576.jpeg 768w, https:\/\/encuentroinformativo.com.mx\/wp-content\/uploads\/2021\/09\/3810E9B1-077E-4C96-8FF0-7C2441C36D33-1536x1152.jpeg 1536w, https:\/\/encuentroinformativo.com.mx\/wp-content\/uploads\/2021\/09\/3810E9B1-077E-4C96-8FF0-7C2441C36D33.jpeg 2016w\" sizes=\"auto, (max-width: 1024px) 100vw, 1024px\" \/><\/figure>\n","protected":false},"excerpt":{"rendered":"<p>Juan Arcos Xalapa, Ver.- El gobernador Cuitl\u00e1huac Garc\u00eda Jim\u00e9nez son\u00f3 las campanas de Palacio de Gobierno en el Centro Hist\u00f3rico de Xalapa sin la presencia de ciudadanas y ciudadanos en Plaza Sebasti\u00e1n Lerdo de Tejada, la noche de este 15 de septiembre.\u00a0 \u201c\u00a1Viva M\u00e9xico!\u201d, exclam\u00f3 el mandatario estatal despu\u00e9s de las 23:10 horas en el [&hellip;]<\/p>\n","protected":false},"author":1,"featured_media":18438,"comment_status":"open","ping_status":"open","sticky":false,"template":"","format":"standard","meta":{"_jetpack_memberships_contains_paid_content":false,"footnotes":""},"categories":[2],"tags":[],"class_list":["post-18437","post","type-post","status-publish","format-standard","has-post-thumbnail","hentry","category-estado"],"jetpack_featured_media_url":"https:\/\/encuentroinformativo.com.mx\/wp-content\/uploads\/2021\/09\/FDCD38B8-A144-444B-A9A5-971FC546347A.jpeg","jetpack_sharing_enabled":true,"jetpack_likes_enabled":true,"amp_enabled":true,"_links":{"self":[{"href":"https:\/\/encuentroinformativo.com.mx\/index.php?rest_route=\/wp\/v2\/posts\/18437","targetHints":{"allow":["GET"]}}],"collection":[{"href":"https:\/\/encuentroinformativo.com.mx\/index.php?rest_route=\/wp\/v2\/posts"}],"about":[{"href":"https:\/\/encuentroinformativo.com.mx\/index.php?rest_route=\/wp\/v2\/types\/post"}],"author":[{"embeddable":true,"href":"https:\/\/encuentroinformativo.com.mx\/index.php?rest_route=\/wp\/v2\/users\/1"}],"replies":[{"embeddable":true,"href":"https:\/\/encuentroinformativo.com.mx\/index.php?rest_route=%2Fwp%2Fv2%2Fcomments&post=18437"}],"version-history":[{"count":1,"href":"https:\/\/encuentroinformativo.com.mx\/index.php?rest_route=\/wp\/v2\/posts\/18437\/revisions"}],"predecessor-version":[{"id":18440,"href":"https:\/\/encuentroinformativo.com.mx\/index.php?rest_route=\/wp\/v2\/posts\/18437\/revisions\/18440"}],"wp:featuredmedia":[{"embeddable":true,"href":"https:\/\/encuentroinformativo.com.mx\/index.php?rest_route=\/wp\/v2\/media\/18438"}],"wp:attachment":[{"href":"https:\/\/encuentroinformativo.com.mx\/index.php?rest_route=%2Fwp%2Fv2%2Fmedia&parent=18437"}],"wp:term":[{"taxonomy":"category","embeddable":true,"href":"https:\/\/encuentroinformativo.com.mx\/index.php?rest_route=%2Fwp%2Fv2%2Fcategories&post=18437"},{"taxonomy":"post_tag","embeddable":true,"href":"https:\/\/encuentroinformativo.com.mx\/index.php?rest_route=%2Fwp%2Fv2%2Ftags&post=18437"}],"curies":[{"name":"wp","href":"https:\/\/api.w.org\/{rel}","templated":true}]}}