{"id":18443,"date":"2021-09-16T12:16:11","date_gmt":"2021-09-16T17:16:11","guid":{"rendered":"https:\/\/encuentroinformativo.com.mx\/?p=18443"},"modified":"2021-09-16T12:16:15","modified_gmt":"2021-09-16T17:16:15","slug":"sigue-investigacion-por-ataque-al-subprocurador-fge","status":"publish","type":"post","link":"https:\/\/encuentroinformativo.com.mx\/?p=18443","title":{"rendered":"Sigue investigaci\u00f3n por ataque al subprocurador: FGE"},"content":{"rendered":"\n<p><strong>Dar\u00edo Pale <\/strong><\/p>\n\n\n\n<p>Xalapa, Ver.- La Fiscal\u00eda General de Estado a\u00fan no cuenta con \u00f3rdenes de aprehensi\u00f3n por el ataque armado que sufri\u00f3 el subprocurador de Medio Ambiente, Ernesto Cuevas, as\u00ed lo se\u00f1al\u00f3 la titular de la dependencia Ver\u00f3nica Hern\u00e1ndez Giad\u00e1ns.<\/p>\n\n\n\n<p>Entrevistada posterior a la guardia de honor en el parque de Los Berros se\u00f1al\u00f3 que contin\u00faan las investigaciones sobre el ataque armado en contra del subprocurador del medio ambiente y est\u00e1n tratando de concatenar todas las pruebas y elementos obtenidos como c\u00e1maras para judicializar el asunto por tentativa de homicidio.<\/p>\n\n\n\n<p>\u201cSe est\u00e1n tratando de concatenar todas las pruebas y los elementos que hemos obtenido en la Fiscal\u00eda que son c\u00e1maras y todos los elementos que nosotros tenemos para poder judicializar en su caso por tentativa de homicidio&#8221;, se\u00f1al\u00f3.<\/p>\n\n\n\n<p>Dio a conocer que el funcionario ha ido mejorando en su salud y reiter\u00f3 que el d\u00eda del atentado hubo personas detenidas, aunque no dijo cu\u00e1ntos.<\/p>\n\n\n\n<p>Omiti\u00f3 dar con detalle el n\u00famero de personas detenidas, s\u00f3lo recalc\u00f3 que el d\u00eda de los hechos hubo personas detenidas, lo que s\u00ed es que no han detenido a personas con \u00f3rdenes de aprehensi\u00f3n.<\/p>\n\n\n\n<p>En otro orden de ideas en lo que se refiera al caso del diputado federal Rogelio &#8220;N&#8221;, asegur\u00f3 que no se les caer\u00e1, ya que est\u00e1 vinculado a proceso y adem\u00e1s tiene otra orden aprehensi\u00f3n en su contra por el delito de violencia intrafamiliar, por lo que sostuvo que la Fiscal\u00eda a su cargo aport\u00f3 los datos de prueba suficientes y est\u00e1 vinculado a proceso.\u00a0<br>Por \u00faltimo inform\u00f3 que &#8220;\u00e9l est\u00e1 procesado y en prisi\u00f3n por dos procesos, y no olvidemos que tiene otra orden de aprehensi\u00f3n por violencia intrafamiliar. No (se les caer\u00e1 el caso), s\u00ed est\u00e1 vinculado y en prisi\u00f3n porque la Fiscal\u00eda aport\u00f3 los datos de prueba suficientes, est\u00e1 vinculado a proceso, estamos en la etapa de investigaci\u00f3n complementaria y son dos procesos penales, no s\u00f3lo uno y adem\u00e1s est\u00e1 la orden de aprehensi\u00f3n por violencia intrafamiliar&#8221;.<\/p>\n","protected":false},"excerpt":{"rendered":"<p>Dar\u00edo Pale Xalapa, Ver.- La Fiscal\u00eda General de Estado a\u00fan no cuenta con \u00f3rdenes de aprehensi\u00f3n por el ataque armado que sufri\u00f3 el subprocurador de Medio Ambiente, Ernesto Cuevas, as\u00ed lo se\u00f1al\u00f3 la titular de la dependencia Ver\u00f3nica Hern\u00e1ndez Giad\u00e1ns. Entrevistada posterior a la guardia de honor en el parque de Los Berros se\u00f1al\u00f3 que [&hellip;]<\/p>\n","protected":false},"author":1,"featured_media":18444,"comment_status":"open","ping_status":"open","sticky":false,"template":"","format":"standard","meta":{"_jetpack_memberships_contains_paid_content":false,"footnotes":""},"categories":[2],"tags":[],"class_list":["post-18443","post","type-post","status-publish","format-standard","has-post-thumbnail","hentry","category-estado"],"jetpack_featured_media_url":"https:\/\/encuentroinformativo.com.mx\/wp-content\/uploads\/2021\/09\/D87FE85A-E1B1-4C30-B0BB-68B002384626.jpeg","jetpack_sharing_enabled":true,"jetpack_likes_enabled":true,"amp_enabled":true,"_links":{"self":[{"href":"https:\/\/encuentroinformativo.com.mx\/index.php?rest_route=\/wp\/v2\/posts\/18443","targetHints":{"allow":["GET"]}}],"collection":[{"href":"https:\/\/encuentroinformativo.com.mx\/index.php?rest_route=\/wp\/v2\/posts"}],"about":[{"href":"https:\/\/encuentroinformativo.com.mx\/index.php?rest_route=\/wp\/v2\/types\/post"}],"author":[{"embeddable":true,"href":"https:\/\/encuentroinformativo.com.mx\/index.php?rest_route=\/wp\/v2\/users\/1"}],"replies":[{"embeddable":true,"href":"https:\/\/encuentroinformativo.com.mx\/index.php?rest_route=%2Fwp%2Fv2%2Fcomments&post=18443"}],"version-history":[{"count":1,"href":"https:\/\/encuentroinformativo.com.mx\/index.php?rest_route=\/wp\/v2\/posts\/18443\/revisions"}],"predecessor-version":[{"id":18445,"href":"https:\/\/encuentroinformativo.com.mx\/index.php?rest_route=\/wp\/v2\/posts\/18443\/revisions\/18445"}],"wp:featuredmedia":[{"embeddable":true,"href":"https:\/\/encuentroinformativo.com.mx\/index.php?rest_route=\/wp\/v2\/media\/18444"}],"wp:attachment":[{"href":"https:\/\/encuentroinformativo.com.mx\/index.php?rest_route=%2Fwp%2Fv2%2Fmedia&parent=18443"}],"wp:term":[{"taxonomy":"category","embeddable":true,"href":"https:\/\/encuentroinformativo.com.mx\/index.php?rest_route=%2Fwp%2Fv2%2Fcategories&post=18443"},{"taxonomy":"post_tag","embeddable":true,"href":"https:\/\/encuentroinformativo.com.mx\/index.php?rest_route=%2Fwp%2Fv2%2Ftags&post=18443"}],"curies":[{"name":"wp","href":"https:\/\/api.w.org\/{rel}","templated":true}]}}