{"id":18446,"date":"2021-09-16T12:32:50","date_gmt":"2021-09-16T17:32:50","guid":{"rendered":"https:\/\/encuentroinformativo.com.mx\/?p=18446"},"modified":"2021-09-16T12:32:54","modified_gmt":"2021-09-16T17:32:54","slug":"se-desplomaron-ventas-de-articulos-patrios","status":"publish","type":"post","link":"https:\/\/encuentroinformativo.com.mx\/?p=18446","title":{"rendered":"Se desplomaron ventas de art\u00edculos patrios"},"content":{"rendered":"\n<p><strong>Juan Arcos<\/strong><\/p>\n\n\n\n<p>Xalapa, Ver.- Comerciantes de banderas, sombreros, vestidos t\u00edpicos y otros art\u00edculos patrios registraron una disminuci\u00f3n en ventas del 70 por ciento en la ciudad de Xalapa, en comparaci\u00f3n con a\u00f1os anteriores.<\/p>\n\n\n\n<p>Agust\u00edn Mart\u00ednez Rodr\u00edguez y su familia instalaron un puesto sobre la calle Doctor Rafael Lucio, desde el pasado 26 de agosto; sin embargo, hasta este 15 de septiembre, sus ganancias econ\u00f3micas han sido m\u00ednimas.<\/p>\n\n\n\n<p>Los comerciantes viajaron desde Toluca, la capital del Estado de M\u00e9xico, para ofertar su mercanc\u00eda en la zona centro de la capital de Veracruz.<\/p>\n\n\n\n<p>Atribuyen la disminuci\u00f3n en ventas a la tercera ola de contagios por SARS-COV-2 (COVID-19) en la entidad, donde se han reportado m\u00e1s de 100 contagios cada 24 horas, durante los \u00faltimos d\u00edas.<\/p>\n\n\n\n<p>El a\u00f1o pasado registraron p\u00e9rdidas casi totales en la ciudad, debido al confinamiento y a la baja afluencia de personas en las calles.\u201cLa venta est\u00e1 baja. Baj\u00f3 como 70 por ciento en comparaci\u00f3n con otros a\u00f1os, el a\u00f1o pasado casi no hubo ventas, nos afect\u00f3 la pandemia\u201d, coment\u00f3 Mart\u00ednez Rodr\u00edguez.<\/p>\n\n\n\n<p>El vendedor indic\u00f3 que este a\u00f1o se observa m\u00e1s movimiento en la zona centro de la ciudad, toda vez que hay avances significativos en el Plan Nacional de Vacunaci\u00f3n contra COVID-19.<\/p>\n\n\n\n<p>\u201cNos han empezado a repuntar las ventas. Tengo trompetas, tambores, corbatines, cintas patrias, accesorios para carros, tengo collares, tengo aretes, de todo\u201d.<\/p>\n\n\n\n<p>Los precios van de los 15 a los 300 pesos, dependiendo del art\u00edculo y sobre todo de su tama\u00f1o. Incluso, comercializan banderas en 250 pesos, con una longitud de tres metros y medio, y una altura de metro y medio.<\/p>\n","protected":false},"excerpt":{"rendered":"<p>Juan Arcos Xalapa, Ver.- Comerciantes de banderas, sombreros, vestidos t\u00edpicos y otros art\u00edculos patrios registraron una disminuci\u00f3n en ventas del 70 por ciento en la ciudad de Xalapa, en comparaci\u00f3n con a\u00f1os anteriores. Agust\u00edn Mart\u00ednez Rodr\u00edguez y su familia instalaron un puesto sobre la calle Doctor Rafael Lucio, desde el pasado 26 de agosto; sin [&hellip;]<\/p>\n","protected":false},"author":1,"featured_media":18447,"comment_status":"open","ping_status":"open","sticky":false,"template":"","format":"standard","meta":{"_jetpack_memberships_contains_paid_content":false,"footnotes":""},"categories":[3],"tags":[],"class_list":["post-18446","post","type-post","status-publish","format-standard","has-post-thumbnail","hentry","category-xalapa"],"jetpack_featured_media_url":"https:\/\/encuentroinformativo.com.mx\/wp-content\/uploads\/2021\/09\/E92B37A2-0060-41D8-AB8F-483DACADC044.jpeg","jetpack_sharing_enabled":true,"jetpack_likes_enabled":true,"amp_enabled":true,"_links":{"self":[{"href":"https:\/\/encuentroinformativo.com.mx\/index.php?rest_route=\/wp\/v2\/posts\/18446","targetHints":{"allow":["GET"]}}],"collection":[{"href":"https:\/\/encuentroinformativo.com.mx\/index.php?rest_route=\/wp\/v2\/posts"}],"about":[{"href":"https:\/\/encuentroinformativo.com.mx\/index.php?rest_route=\/wp\/v2\/types\/post"}],"author":[{"embeddable":true,"href":"https:\/\/encuentroinformativo.com.mx\/index.php?rest_route=\/wp\/v2\/users\/1"}],"replies":[{"embeddable":true,"href":"https:\/\/encuentroinformativo.com.mx\/index.php?rest_route=%2Fwp%2Fv2%2Fcomments&post=18446"}],"version-history":[{"count":1,"href":"https:\/\/encuentroinformativo.com.mx\/index.php?rest_route=\/wp\/v2\/posts\/18446\/revisions"}],"predecessor-version":[{"id":18448,"href":"https:\/\/encuentroinformativo.com.mx\/index.php?rest_route=\/wp\/v2\/posts\/18446\/revisions\/18448"}],"wp:featuredmedia":[{"embeddable":true,"href":"https:\/\/encuentroinformativo.com.mx\/index.php?rest_route=\/wp\/v2\/media\/18447"}],"wp:attachment":[{"href":"https:\/\/encuentroinformativo.com.mx\/index.php?rest_route=%2Fwp%2Fv2%2Fmedia&parent=18446"}],"wp:term":[{"taxonomy":"category","embeddable":true,"href":"https:\/\/encuentroinformativo.com.mx\/index.php?rest_route=%2Fwp%2Fv2%2Fcategories&post=18446"},{"taxonomy":"post_tag","embeddable":true,"href":"https:\/\/encuentroinformativo.com.mx\/index.php?rest_route=%2Fwp%2Fv2%2Ftags&post=18446"}],"curies":[{"name":"wp","href":"https:\/\/api.w.org\/{rel}","templated":true}]}}