{"id":18456,"date":"2021-09-16T13:40:32","date_gmt":"2021-09-16T18:40:32","guid":{"rendered":"https:\/\/encuentroinformativo.com.mx\/?p=18456"},"modified":"2021-09-16T13:40:36","modified_gmt":"2021-09-16T18:40:36","slug":"en-accidente-automovilistico-muere-gerente-de-el-tucan-en-casitas","status":"publish","type":"post","link":"https:\/\/encuentroinformativo.com.mx\/?p=18456","title":{"rendered":"En accidente automovil\u00edstico muere gerente de \u201cEl Tuc\u00e1n\u201d en Casitas"},"content":{"rendered":"\n<p><strong>Alejandro \u00c1vila<\/strong><\/p>\n\n\n\n<p>Tecolutla, Ver. \u2013 Las fiestas patrias trajeron consigo un aparatoso accidente en la carretera federal costera Cardel \u2013 Poza Rica, donde el empresario Guillermo Cagnat, gerente del restaurante \u201cEl Tuc\u00e1n\u201d, perdi\u00f3 la vida en un accidente automovil\u00edstico.<\/p>\n\n\n\n<p>El restaurante \u201cEl Tuc\u00e1n\u201d, uno de los m\u00e1s conocidos de la zona, se encuentra al interior del hotel Canadian Resort en la localidad de Casitas, perteneciente al municipio de Tecolutla, uno de los lugares m\u00e1s afectados por el paso del hurac\u00e1n \u201cGrace\u201d hace unas semanas.<\/p>\n\n\n\n<p>Durante el accidente, el cuerpo del conductor qued\u00f3 prensado entre los fierros retorcidos de su veh\u00edculo Ford Ranger rojo, luego de haber chocado presuntamente por alcance contra otro veh\u00edculo, el cual no se encontr\u00f3 en el lugar.<\/p>\n\n\n\n<p>Al sitio lleg\u00f3 personal de la Cruz Roja Mexicana de San Rafael, as\u00ed como elementos de Protecci\u00f3n Civil de Tecolutla, quienes constataron que el empresario ya no contaba con signos vitales; posteriormente tambi\u00e9n lleg\u00f3 personal de Guardia Nacional y Fuerza Civil que realizaron las diligencias correspondientes.<\/p>\n","protected":false},"excerpt":{"rendered":"<p>Alejandro \u00c1vila Tecolutla, Ver. \u2013 Las fiestas patrias trajeron consigo un aparatoso accidente en la carretera federal costera Cardel \u2013 Poza Rica, donde el empresario Guillermo Cagnat, gerente del restaurante \u201cEl Tuc\u00e1n\u201d, perdi\u00f3 la vida en un accidente automovil\u00edstico. El restaurante \u201cEl Tuc\u00e1n\u201d, uno de los m\u00e1s conocidos de la zona, se encuentra al interior [&hellip;]<\/p>\n","protected":false},"author":1,"featured_media":18457,"comment_status":"open","ping_status":"open","sticky":false,"template":"","format":"standard","meta":{"_jetpack_memberships_contains_paid_content":false,"footnotes":""},"categories":[14],"tags":[],"class_list":["post-18456","post","type-post","status-publish","format-standard","has-post-thumbnail","hentry","category-policiaca"],"jetpack_featured_media_url":"https:\/\/encuentroinformativo.com.mx\/wp-content\/uploads\/2021\/09\/06DA0BBD-4796-4FAE-AA00-02630F90F552.jpeg","jetpack_sharing_enabled":true,"jetpack_likes_enabled":true,"amp_enabled":true,"_links":{"self":[{"href":"https:\/\/encuentroinformativo.com.mx\/index.php?rest_route=\/wp\/v2\/posts\/18456","targetHints":{"allow":["GET"]}}],"collection":[{"href":"https:\/\/encuentroinformativo.com.mx\/index.php?rest_route=\/wp\/v2\/posts"}],"about":[{"href":"https:\/\/encuentroinformativo.com.mx\/index.php?rest_route=\/wp\/v2\/types\/post"}],"author":[{"embeddable":true,"href":"https:\/\/encuentroinformativo.com.mx\/index.php?rest_route=\/wp\/v2\/users\/1"}],"replies":[{"embeddable":true,"href":"https:\/\/encuentroinformativo.com.mx\/index.php?rest_route=%2Fwp%2Fv2%2Fcomments&post=18456"}],"version-history":[{"count":1,"href":"https:\/\/encuentroinformativo.com.mx\/index.php?rest_route=\/wp\/v2\/posts\/18456\/revisions"}],"predecessor-version":[{"id":18458,"href":"https:\/\/encuentroinformativo.com.mx\/index.php?rest_route=\/wp\/v2\/posts\/18456\/revisions\/18458"}],"wp:featuredmedia":[{"embeddable":true,"href":"https:\/\/encuentroinformativo.com.mx\/index.php?rest_route=\/wp\/v2\/media\/18457"}],"wp:attachment":[{"href":"https:\/\/encuentroinformativo.com.mx\/index.php?rest_route=%2Fwp%2Fv2%2Fmedia&parent=18456"}],"wp:term":[{"taxonomy":"category","embeddable":true,"href":"https:\/\/encuentroinformativo.com.mx\/index.php?rest_route=%2Fwp%2Fv2%2Fcategories&post=18456"},{"taxonomy":"post_tag","embeddable":true,"href":"https:\/\/encuentroinformativo.com.mx\/index.php?rest_route=%2Fwp%2Fv2%2Ftags&post=18456"}],"curies":[{"name":"wp","href":"https:\/\/api.w.org\/{rel}","templated":true}]}}