{"id":18459,"date":"2021-09-16T13:47:19","date_gmt":"2021-09-16T18:47:19","guid":{"rendered":"https:\/\/encuentroinformativo.com.mx\/?p=18459"},"modified":"2021-09-16T13:47:23","modified_gmt":"2021-09-16T18:47:23","slug":"tuxpan-celebro-grito-de-manera-presencial","status":"publish","type":"post","link":"https:\/\/encuentroinformativo.com.mx\/?p=18459","title":{"rendered":"Tuxpan celebr\u00f3 grito de manera presencial"},"content":{"rendered":"\n<p><strong>Alejandro \u00c1vila<\/strong><\/p>\n\n\n\n<p>Tuxpan, Ver. \u2013 Aunque el municipio de Tuxpan de Rodr\u00edguez Cano se encuentra en sem\u00e1foro rojo con m\u00e1s de 3 mil casos de COVID confirmados, el alcalde Juan Antonio Aguilar Mancha, decidi\u00f3 no respetar el mandato de la Gaceta Oficial, la cual proh\u00edbe realizar eventos masivos, para poder celebrar el Grito de Independencia de manera presencial.<\/p>\n\n\n\n<p>Tuxpan se encuentra entre los 10 municipios con mayor n\u00famero de casos de COVID 19 en la entidad veracruzana, al d\u00eda de hoy son 3 mil 167 casos confirmados, 203 sospechosos y 327 defunciones.<\/p>\n\n\n\n<p>Si bien se dijo que el evento se realizar\u00eda con todas las medidas sanitarias, la log\u00edstica no fue la esperada y todo se sali\u00f3 de control, por lo que el riesgo se increment\u00f3 en cuesti\u00f3n de minutos, pues el Ayuntamiento de Tuxpan no realiz\u00f3 las acciones acordadas para salvaguardar la salud de los asistentes.<\/p>\n\n\n\n<p>Durante los \u00faltimos meses Aguilar Mancha ha sido severamente criticado por dejar una presunta crisis financiera al interior del Ayuntamiento, pues tan solo con los empleados sindicalizados mantiene un adeudo por pago de prestaciones de casi dos a\u00f1os, mismos con los que ha estado en constante \u201cestira y afloje\u201d para que no se vayan a huelga.<\/p>\n\n\n\n<p>A diferencia de Tuxpan, municipios catalogados como sem\u00e1foro rojo como Veracruz, Alvarado, Boca del R\u00edo y Medell\u00edn de Bravo, s\u00ed realizaron la ceremonia del Grito de Independencia de forma virtual; mientras que en Camar\u00f3n de Tejeda, se llev\u00f3 a cabo un festejo masivo, al ser de los pocos municipios en sem\u00e1foro verde, y donde las actividades estuvieron avaladas y fueron promovidas por el Gobierno del Estado de Veracruz.<\/p>\n\n\n\n<figure class=\"wp-block-image size-large\"><img loading=\"lazy\" decoding=\"async\" width=\"750\" height=\"430\" src=\"https:\/\/encuentroinformativo.com.mx\/wp-content\/uploads\/2021\/09\/9245E7B0-994A-4C93-BB0D-F0BF5F6C4713.jpeg\" alt=\"\" class=\"wp-image-18461\" srcset=\"https:\/\/encuentroinformativo.com.mx\/wp-content\/uploads\/2021\/09\/9245E7B0-994A-4C93-BB0D-F0BF5F6C4713.jpeg 750w, https:\/\/encuentroinformativo.com.mx\/wp-content\/uploads\/2021\/09\/9245E7B0-994A-4C93-BB0D-F0BF5F6C4713-300x172.jpeg 300w\" sizes=\"auto, (max-width: 750px) 100vw, 750px\" \/><\/figure>\n","protected":false},"excerpt":{"rendered":"<p>Alejandro \u00c1vila Tuxpan, Ver. \u2013 Aunque el municipio de Tuxpan de Rodr\u00edguez Cano se encuentra en sem\u00e1foro rojo con m\u00e1s de 3 mil casos de COVID confirmados, el alcalde Juan Antonio Aguilar Mancha, decidi\u00f3 no respetar el mandato de la Gaceta Oficial, la cual proh\u00edbe realizar eventos masivos, para poder celebrar el Grito de Independencia [&hellip;]<\/p>\n","protected":false},"author":1,"featured_media":18460,"comment_status":"open","ping_status":"open","sticky":false,"template":"","format":"standard","meta":{"_jetpack_memberships_contains_paid_content":false,"footnotes":""},"categories":[2],"tags":[],"class_list":["post-18459","post","type-post","status-publish","format-standard","has-post-thumbnail","hentry","category-estado"],"jetpack_featured_media_url":"https:\/\/encuentroinformativo.com.mx\/wp-content\/uploads\/2021\/09\/59BAE340-E6D3-4FFD-9CB0-08FEE21285E6.jpeg","jetpack_sharing_enabled":true,"jetpack_likes_enabled":true,"amp_enabled":true,"_links":{"self":[{"href":"https:\/\/encuentroinformativo.com.mx\/index.php?rest_route=\/wp\/v2\/posts\/18459","targetHints":{"allow":["GET"]}}],"collection":[{"href":"https:\/\/encuentroinformativo.com.mx\/index.php?rest_route=\/wp\/v2\/posts"}],"about":[{"href":"https:\/\/encuentroinformativo.com.mx\/index.php?rest_route=\/wp\/v2\/types\/post"}],"author":[{"embeddable":true,"href":"https:\/\/encuentroinformativo.com.mx\/index.php?rest_route=\/wp\/v2\/users\/1"}],"replies":[{"embeddable":true,"href":"https:\/\/encuentroinformativo.com.mx\/index.php?rest_route=%2Fwp%2Fv2%2Fcomments&post=18459"}],"version-history":[{"count":1,"href":"https:\/\/encuentroinformativo.com.mx\/index.php?rest_route=\/wp\/v2\/posts\/18459\/revisions"}],"predecessor-version":[{"id":18462,"href":"https:\/\/encuentroinformativo.com.mx\/index.php?rest_route=\/wp\/v2\/posts\/18459\/revisions\/18462"}],"wp:featuredmedia":[{"embeddable":true,"href":"https:\/\/encuentroinformativo.com.mx\/index.php?rest_route=\/wp\/v2\/media\/18460"}],"wp:attachment":[{"href":"https:\/\/encuentroinformativo.com.mx\/index.php?rest_route=%2Fwp%2Fv2%2Fmedia&parent=18459"}],"wp:term":[{"taxonomy":"category","embeddable":true,"href":"https:\/\/encuentroinformativo.com.mx\/index.php?rest_route=%2Fwp%2Fv2%2Fcategories&post=18459"},{"taxonomy":"post_tag","embeddable":true,"href":"https:\/\/encuentroinformativo.com.mx\/index.php?rest_route=%2Fwp%2Fv2%2Ftags&post=18459"}],"curies":[{"name":"wp","href":"https:\/\/api.w.org\/{rel}","templated":true}]}}