{"id":18463,"date":"2021-09-16T14:00:17","date_gmt":"2021-09-16T19:00:17","guid":{"rendered":"https:\/\/encuentroinformativo.com.mx\/?p=18463"},"modified":"2021-09-16T14:00:21","modified_gmt":"2021-09-16T19:00:21","slug":"en-30-anos-se-triplicaran-casos-de-alzheimer","status":"publish","type":"post","link":"https:\/\/encuentroinformativo.com.mx\/?p=18463","title":{"rendered":"En 30 a\u00f1os, se triplicar\u00e1n casos de Alzheimer"},"content":{"rendered":"\n<p><strong>Alejandro \u00c1vila<\/strong><\/p>\n\n\n\n<p>Veracruz, Ver. \u2013 La Asociaci\u00f3n Alzheimer de Monterrey inform\u00f3 que, en los pr\u00f3ximos 30 a\u00f1os el n\u00famero de pacientes en M\u00e9xico se triplicar\u00e1, por lo que ser\u00e1 posiblemente considerada como una pandemia en nuestro pa\u00eds.<\/p>\n\n\n\n<p>Al d\u00eda de hoy, M\u00e9xico cuenta con 1.5 millones de pacientes con alg\u00fan tipo de demencia, aunque se estima que en 2050 se incrementa 3.7 millones de personas; de la cual el 60 por ciento padecer\u00e1 Alzheimer.<\/p>\n\n\n\n<p>\u201cEn las \u00faltimas dos d\u00e9cadas ha habido un gran progreso m\u00e9dico para tratar dicha enfermedad de car\u00e1cter catastr\u00f3fico, que hoy en d\u00eda representa la principal causa de demencia, con una prevalencia de alrededor de 50 millones de personas en el mundo, pero poco se ha hecho en la parte de prevenci\u00f3n.<\/p>\n\n\n\n<p>Sin embargo, ahora contamos con el Omega 5 Nano emulsionado, con tecnolog\u00eda israel\u00ed, que ha probado su efectividad para retrasar los s\u00edntomas, o bien, para disminuir sus tremendos efectos\u201d, se\u00f1al\u00f3 el doctor Samuel Serfati, director general de Biolife.<\/p>\n\n\n\n<p>El pr\u00f3ximo 21 de septiembre se conmemora el D\u00eda del Alzheimer, donde la Clinica Mayo ya ha develado que alrededor del 5% a 6% de las personas con enfermedad de Alzheimer desarrollan s\u00edntomas antes de los 65 a\u00f1os.<\/p>\n\n\n\n<p>El \u201cAlzheimer de inicio temprano\u201d es una variaci\u00f3n de demencia, la cual tiene repercusi\u00f3n en personas menores de 65 a\u00f1os. Cabe mencionar que la mayor parte de las personas con Alzheimer temprano desarrollan s\u00edntomas de esta enfermedad cuando tienen entre 30 y 60 a\u00f1os.<\/p>\n\n\n\n<p>Durante la Conferencia Internacional de la Asociaci\u00f3n de Alzheimer se present\u00f3 una investigaci\u00f3n donde se encontr\u00f3 v\u00ednculos incre\u00edbles entre la enfermedad de Covid-19 y los d\u00e9ficits cognitivos persistentes, incluida la aceleraci\u00f3n de la patolog\u00eda y los s\u00edntomas del Alzheimer.<\/p>\n\n\n\n<p>Parte de las secuelas del llamado Long COVID, adem\u00e1s de una larga lista de s\u00edntomas, como p\u00e9rdida de olfato y gusto, entre muchas otras, es el d\u00e9ficit cognitivo y de atenci\u00f3n, conocido como \u201cniebla cerebral\u201d, la cual ha logrado paliarse un poco con uso frecuente del Omega 5 Nano emulsionado.<\/p>\n\n\n\n<p>El Long COVID es la persistencia de s\u00edntomas de la enfermedad despu\u00e9s de tres meses, pero en cuanto a los efectos neurol\u00f3gicos ya se trabaja para entender mejor la manera en que se produce esta disfunci\u00f3n cerebral y c\u00f3mo esto afecta a largo plazo la salud cognitiva.<\/p>\n\n\n\n<p>\u201cTodav\u00eda estamos lejos como humanidad de saber todo acerca del virus SARS-CoV-2 y de c\u00f3mo se desarrolla la enfermedad en el cuerpo humano y las secuelas que deja, sobre todo a nivel cerebral (\u2026) es necesario saber m\u00e1s de este nuevo virus que nos aqueja desde hace un a\u00f1o y nueve meses, porque la infecci\u00f3n deja innumerables secuelas, muchas de ellas en el cerebro, de ah\u00ed la importancia de cuidarnos, mejorar nuestros h\u00e1bitos alimenticios, hidratarnos correctamente, descansar lo suficiente y hacer ejercicio de forma cotidiana, adem\u00e1s de prevenir las enfermedades neurodegenerativas mediante el consumo frecuente del Omega 5 Nano emulsionado\u201d, remat\u00f3.<\/p>\n","protected":false},"excerpt":{"rendered":"<p>Alejandro \u00c1vila Veracruz, Ver. \u2013 La Asociaci\u00f3n Alzheimer de Monterrey inform\u00f3 que, en los pr\u00f3ximos 30 a\u00f1os el n\u00famero de pacientes en M\u00e9xico se triplicar\u00e1, por lo que ser\u00e1 posiblemente considerada como una pandemia en nuestro pa\u00eds. Al d\u00eda de hoy, M\u00e9xico cuenta con 1.5 millones de pacientes con alg\u00fan tipo de demencia, aunque se [&hellip;]<\/p>\n","protected":false},"author":1,"featured_media":5162,"comment_status":"open","ping_status":"open","sticky":false,"template":"","format":"standard","meta":{"_jetpack_memberships_contains_paid_content":false,"footnotes":""},"categories":[9],"tags":[],"class_list":["post-18463","post","type-post","status-publish","format-standard","has-post-thumbnail","hentry","category-salud"],"jetpack_featured_media_url":"https:\/\/encuentroinformativo.com.mx\/wp-content\/uploads\/2020\/08\/BF1AA6A6-A1D8-4883-B670-6D85BDCD44B9.jpeg","jetpack_sharing_enabled":true,"jetpack_likes_enabled":true,"amp_enabled":true,"_links":{"self":[{"href":"https:\/\/encuentroinformativo.com.mx\/index.php?rest_route=\/wp\/v2\/posts\/18463","targetHints":{"allow":["GET"]}}],"collection":[{"href":"https:\/\/encuentroinformativo.com.mx\/index.php?rest_route=\/wp\/v2\/posts"}],"about":[{"href":"https:\/\/encuentroinformativo.com.mx\/index.php?rest_route=\/wp\/v2\/types\/post"}],"author":[{"embeddable":true,"href":"https:\/\/encuentroinformativo.com.mx\/index.php?rest_route=\/wp\/v2\/users\/1"}],"replies":[{"embeddable":true,"href":"https:\/\/encuentroinformativo.com.mx\/index.php?rest_route=%2Fwp%2Fv2%2Fcomments&post=18463"}],"version-history":[{"count":1,"href":"https:\/\/encuentroinformativo.com.mx\/index.php?rest_route=\/wp\/v2\/posts\/18463\/revisions"}],"predecessor-version":[{"id":18464,"href":"https:\/\/encuentroinformativo.com.mx\/index.php?rest_route=\/wp\/v2\/posts\/18463\/revisions\/18464"}],"wp:featuredmedia":[{"embeddable":true,"href":"https:\/\/encuentroinformativo.com.mx\/index.php?rest_route=\/wp\/v2\/media\/5162"}],"wp:attachment":[{"href":"https:\/\/encuentroinformativo.com.mx\/index.php?rest_route=%2Fwp%2Fv2%2Fmedia&parent=18463"}],"wp:term":[{"taxonomy":"category","embeddable":true,"href":"https:\/\/encuentroinformativo.com.mx\/index.php?rest_route=%2Fwp%2Fv2%2Fcategories&post=18463"},{"taxonomy":"post_tag","embeddable":true,"href":"https:\/\/encuentroinformativo.com.mx\/index.php?rest_route=%2Fwp%2Fv2%2Ftags&post=18463"}],"curies":[{"name":"wp","href":"https:\/\/api.w.org\/{rel}","templated":true}]}}