{"id":18465,"date":"2021-09-16T14:10:30","date_gmt":"2021-09-16T19:10:30","guid":{"rendered":"https:\/\/encuentroinformativo.com.mx\/?p=18465"},"modified":"2021-09-16T14:10:34","modified_gmt":"2021-09-16T19:10:34","slug":"aumento-de-robos-en-centro-historico-de-veracruz","status":"publish","type":"post","link":"https:\/\/encuentroinformativo.com.mx\/?p=18465","title":{"rendered":"Aumento de robos en Centro Hist\u00f3rico de Veracruz"},"content":{"rendered":"\n<p><strong>Alejandro \u00c1vila<\/strong><\/p>\n\n\n\n<p>Veracruz, Ver. \u2013 Las quejas o denuncias por el presunto incremento de robos en el Centro Hist\u00f3rico de la ciudad de Veracruz, deben hacerse efectivas en la Fiscal\u00eda General del Estado (FGE), para que esta zona se catalogue como \u201cfoco rojo\u201d y pueda incrementarse el operativo de vigilancia en la zona, inform\u00f3 el alcalde Fernando Yunes M\u00e1rquez.<\/p>\n\n\n\n<p>El edil panista dijo no tener las cifras del presunto incremento en los robos en la zona centro, pues el Ayuntamiento no recibe estas quejas y por ende no puede llevar un registro o porcentaje del aumento; sin embargo, mencion\u00f3 que ya dieron aviso a la Polic\u00eda Naval para que reorganice su estrategia en la zona.<\/p>\n\n\n\n<p>\u201cYa se le dio aviso en la Mesa de Seguridad a la Secretar\u00eda de Marina, para que ojal\u00e1 la Polic\u00eda Naval pueda reforzar la seguridad aqu\u00ed (\u2026) como lo coment\u00e9 en anteriores ocasiones, si ellos presentaron una denuncia, no se presenta ante el Ayuntamiento, ustedes lo saben, se presenta ante la Fiscal\u00eda, para que la Fiscal\u00eda pueda apercibir estos delitos\u201d, apunt\u00f3.<\/p>\n\n\n\n<p>Entrevistado en el z\u00f3calo de la ciudad tras los honores a la bandera por el D\u00eda de la Independencia de M\u00e9xico, el presidente municipal expuso que el operativo para mejorar la seguridad debe ser integral y coordinado por los tres \u00f3rdenes de gobierno, pues solo as\u00ed se lograr\u00e1 disminuir el delito de robo que aquejan los vecinos.<\/p>\n\n\n\n<p>A decir de los vecinos de las calles Hidalgo, Guerrero, Allende y Bravo, el incremento ha sido en robo a casa habitaci\u00f3n y robo a transe\u00fante, al menos en los \u00faltimos dos meses.<\/p>\n","protected":false},"excerpt":{"rendered":"<p>Alejandro \u00c1vila Veracruz, Ver. \u2013 Las quejas o denuncias por el presunto incremento de robos en el Centro Hist\u00f3rico de la ciudad de Veracruz, deben hacerse efectivas en la Fiscal\u00eda General del Estado (FGE), para que esta zona se catalogue como \u201cfoco rojo\u201d y pueda incrementarse el operativo de vigilancia en la zona, inform\u00f3 el [&hellip;]<\/p>\n","protected":false},"author":1,"featured_media":18466,"comment_status":"open","ping_status":"open","sticky":false,"template":"","format":"standard","meta":{"_jetpack_memberships_contains_paid_content":false,"footnotes":""},"categories":[2],"tags":[],"class_list":["post-18465","post","type-post","status-publish","format-standard","has-post-thumbnail","hentry","category-estado"],"jetpack_featured_media_url":"https:\/\/encuentroinformativo.com.mx\/wp-content\/uploads\/2021\/09\/9C2EB676-B3DE-4C59-B682-E17B09B4C6C2.jpeg","jetpack_sharing_enabled":true,"jetpack_likes_enabled":true,"amp_enabled":true,"_links":{"self":[{"href":"https:\/\/encuentroinformativo.com.mx\/index.php?rest_route=\/wp\/v2\/posts\/18465","targetHints":{"allow":["GET"]}}],"collection":[{"href":"https:\/\/encuentroinformativo.com.mx\/index.php?rest_route=\/wp\/v2\/posts"}],"about":[{"href":"https:\/\/encuentroinformativo.com.mx\/index.php?rest_route=\/wp\/v2\/types\/post"}],"author":[{"embeddable":true,"href":"https:\/\/encuentroinformativo.com.mx\/index.php?rest_route=\/wp\/v2\/users\/1"}],"replies":[{"embeddable":true,"href":"https:\/\/encuentroinformativo.com.mx\/index.php?rest_route=%2Fwp%2Fv2%2Fcomments&post=18465"}],"version-history":[{"count":1,"href":"https:\/\/encuentroinformativo.com.mx\/index.php?rest_route=\/wp\/v2\/posts\/18465\/revisions"}],"predecessor-version":[{"id":18467,"href":"https:\/\/encuentroinformativo.com.mx\/index.php?rest_route=\/wp\/v2\/posts\/18465\/revisions\/18467"}],"wp:featuredmedia":[{"embeddable":true,"href":"https:\/\/encuentroinformativo.com.mx\/index.php?rest_route=\/wp\/v2\/media\/18466"}],"wp:attachment":[{"href":"https:\/\/encuentroinformativo.com.mx\/index.php?rest_route=%2Fwp%2Fv2%2Fmedia&parent=18465"}],"wp:term":[{"taxonomy":"category","embeddable":true,"href":"https:\/\/encuentroinformativo.com.mx\/index.php?rest_route=%2Fwp%2Fv2%2Fcategories&post=18465"},{"taxonomy":"post_tag","embeddable":true,"href":"https:\/\/encuentroinformativo.com.mx\/index.php?rest_route=%2Fwp%2Fv2%2Ftags&post=18465"}],"curies":[{"name":"wp","href":"https:\/\/api.w.org\/{rel}","templated":true}]}}