{"id":18468,"date":"2021-09-16T14:22:02","date_gmt":"2021-09-16T19:22:02","guid":{"rendered":"https:\/\/encuentroinformativo.com.mx\/?p=18468"},"modified":"2021-09-16T14:22:07","modified_gmt":"2021-09-16T19:22:07","slug":"anuncia-sectur-festival-de-cultura-para-xalapa","status":"publish","type":"post","link":"https:\/\/encuentroinformativo.com.mx\/?p=18468","title":{"rendered":"Anuncia Sectur festival de cultura para Xalapa"},"content":{"rendered":"\n<p><strong>Dar\u00edo Pale <\/strong><\/p>\n\n\n\n<p>Xalapa, Ver.- Anuncia Secretar\u00eda de Turismo (Sectur) &#8220;muy importante&#8221; festival de cultura para Xalapa a finales de noviembre o principios de diciembre, as\u00ed lo inform\u00f3 la titular de dicha dependencia X\u00f3chitl Arbes\u00fa Lago.<\/p>\n\n\n\n<p>Entrevistada posterior a la guardia de honor en el parque de los Berros se\u00f1al\u00f3 que para cerrar el a\u00f1o habr\u00e1 un &#8220;muy importante&#8221; festival dedicado a la cultura en Xalapa, por lo que espera que vayan bajando los contagios por Covid-19 que ha dejado muchas muertes, para poder avanzar en este tipo de actividades.<\/p>\n\n\n\n<p>&#8220;Para cerrar el a\u00f1o, todo indica que tendremos un festival muy importante, recuperando un festival muy importante para Xalapa, especialmente en el tema cultural y tur\u00edstico&#8221;, se\u00f1al\u00f3.<\/p>\n\n\n\n<p>&#8220;Ya pronto vamos a presentar el nombre, la cartelera, pero es un festival dedicado a la cultura como Xalapa, capital de la cultura en Veracruz&#8221;, agreg\u00f3.<\/p>\n\n\n\n<p>Finalmente dio a conocer que dicho festival ser\u00eda para finales de noviembre, principios de diciembre.<\/p>\n","protected":false},"excerpt":{"rendered":"<p>Dar\u00edo Pale Xalapa, Ver.- Anuncia Secretar\u00eda de Turismo (Sectur) &#8220;muy importante&#8221; festival de cultura para Xalapa a finales de noviembre o principios de diciembre, as\u00ed lo inform\u00f3 la titular de dicha dependencia X\u00f3chitl Arbes\u00fa Lago. Entrevistada posterior a la guardia de honor en el parque de los Berros se\u00f1al\u00f3 que para cerrar el a\u00f1o habr\u00e1 [&hellip;]<\/p>\n","protected":false},"author":1,"featured_media":18469,"comment_status":"open","ping_status":"open","sticky":false,"template":"","format":"standard","meta":{"_jetpack_memberships_contains_paid_content":false,"footnotes":""},"categories":[3],"tags":[],"class_list":["post-18468","post","type-post","status-publish","format-standard","has-post-thumbnail","hentry","category-xalapa"],"jetpack_featured_media_url":"https:\/\/encuentroinformativo.com.mx\/wp-content\/uploads\/2021\/09\/909C1881-6D89-43D8-8B11-E73E45FE4417.jpeg","jetpack_sharing_enabled":true,"jetpack_likes_enabled":true,"amp_enabled":true,"_links":{"self":[{"href":"https:\/\/encuentroinformativo.com.mx\/index.php?rest_route=\/wp\/v2\/posts\/18468","targetHints":{"allow":["GET"]}}],"collection":[{"href":"https:\/\/encuentroinformativo.com.mx\/index.php?rest_route=\/wp\/v2\/posts"}],"about":[{"href":"https:\/\/encuentroinformativo.com.mx\/index.php?rest_route=\/wp\/v2\/types\/post"}],"author":[{"embeddable":true,"href":"https:\/\/encuentroinformativo.com.mx\/index.php?rest_route=\/wp\/v2\/users\/1"}],"replies":[{"embeddable":true,"href":"https:\/\/encuentroinformativo.com.mx\/index.php?rest_route=%2Fwp%2Fv2%2Fcomments&post=18468"}],"version-history":[{"count":1,"href":"https:\/\/encuentroinformativo.com.mx\/index.php?rest_route=\/wp\/v2\/posts\/18468\/revisions"}],"predecessor-version":[{"id":18470,"href":"https:\/\/encuentroinformativo.com.mx\/index.php?rest_route=\/wp\/v2\/posts\/18468\/revisions\/18470"}],"wp:featuredmedia":[{"embeddable":true,"href":"https:\/\/encuentroinformativo.com.mx\/index.php?rest_route=\/wp\/v2\/media\/18469"}],"wp:attachment":[{"href":"https:\/\/encuentroinformativo.com.mx\/index.php?rest_route=%2Fwp%2Fv2%2Fmedia&parent=18468"}],"wp:term":[{"taxonomy":"category","embeddable":true,"href":"https:\/\/encuentroinformativo.com.mx\/index.php?rest_route=%2Fwp%2Fv2%2Fcategories&post=18468"},{"taxonomy":"post_tag","embeddable":true,"href":"https:\/\/encuentroinformativo.com.mx\/index.php?rest_route=%2Fwp%2Fv2%2Ftags&post=18468"}],"curies":[{"name":"wp","href":"https:\/\/api.w.org\/{rel}","templated":true}]}}