{"id":1849,"date":"2020-04-14T17:20:49","date_gmt":"2020-04-14T22:20:49","guid":{"rendered":"https:\/\/encuentroinformativo.com\/?p=1849"},"modified":"2020-04-14T17:20:51","modified_gmt":"2020-04-14T22:20:51","slug":"podria-incrementarse-violencia-hacia-comunidad-lgbtti","status":"publish","type":"post","link":"https:\/\/encuentroinformativo.com.mx\/?p=1849","title":{"rendered":"Podr\u00eda incrementarse violencia hacia comunidad LGBTTI"},"content":{"rendered":"\n<p><strong>Dar\u00edo Pale <\/strong><\/p>\n\n\n\n<p>Xalapa, Ver.- Silvia Susana Jacome Garc\u00eda, responsable del programa de Integraci\u00f3n y Desarrollo Social de las personas LGBTTI del DIF de Xalapa, se\u00f1al\u00f3 que pese a que no hay cifras que revelen su magnitud, se estima que adolescentes y j\u00f3venes homosexuales, lesbianas o transexuales en Veracruz vivan violencia dentro de sus casas durante la actual cuarentena.<\/p>\n\n\n\n<p>Entrevistada en las calles del centro de Xalapa, dio a conocer que en la Ciudad de M\u00e9xico, una asociaci\u00f3n civil report\u00f3 un incremento de casos de atenci\u00f3n de violencia contra esta poblaci\u00f3n durante marzo pasado.<\/p>\n\n\n\n<p>&#8220;Hay una asociaci\u00f3n civil en la Ciudad de M\u00e9xico que atiende, sobre todo a las adolescentes que sufren violencia en sus casas, eso es permanente, lo que reportan es que por lo regular va un promedio de 2 a 4 personas mensualmente y el mes pasado, en marzo, en s\u00f3lo 15 d\u00edas se acercaron 15 personas&#8221;, se\u00f1al\u00f3.<\/p>\n\n\n\n<p>En Veracruz la cifra podr\u00eda ser mayor, advirti\u00f3: &#8220;En el estado no tenemos datos, pero no hay razones que nos permitan pensar que es diferente, quiz\u00e1 incluso, por ser un estado con una poblaci\u00f3n conservadora, cierto sector de la poblaci\u00f3n, pues es probable que incluso sean m\u00e1s los casos&#8221;.<\/p>\n\n\n\n<p>Explic\u00f3 que al estar m\u00e1s tiempo dentro de sus casas aumenta el riesgo de que los padres y familiares que no aceptan la diversidad sexual agredan a los j\u00f3venes.<\/p>\n\n\n\n<p>&#8220;Si soy una chica gay, trans, que no me aceptan en mi casa y tengo que estar confinada con mi familia, pues el riesgo de sufrir violencia se incrementa tambi\u00e9n&#8221;, coment\u00f3.<\/p>\n\n\n\n<p>Recomend\u00f3 a la poblaci\u00f3n de la diversidad sexual que sigan las recomendaciones para mantener el confinamiento.<\/p>\n\n\n\n<p>&#8220;En el caso de chicas y chicos trans, que igual est\u00e1n empezando o estaban empezando su proceso, que a lo mejor cada fin de semana se iban al antro, se pon\u00edan la ropa del g\u00e9nero con el que se identifican, quiz\u00e1 ya no lo pueden hacer, entonces llamarles a la prudencia, a que como muchas otras personas en este momento estamos padeciendo diferentes circunstancias, que lo vivan o lo traten de vivir de la mejor manera&#8221;, finaliz\u00f3.<\/p>\n\n\n\n<p><\/p>\n","protected":false},"excerpt":{"rendered":"<p>Dar\u00edo Pale Xalapa, Ver.- Silvia Susana Jacome Garc\u00eda, responsable del programa de Integraci\u00f3n y Desarrollo Social de las personas LGBTTI del DIF de Xalapa, se\u00f1al\u00f3 que pese a que no hay cifras que revelen su magnitud, se estima que adolescentes y j\u00f3venes homosexuales, lesbianas o transexuales en Veracruz vivan violencia dentro de sus casas durante [&hellip;]<\/p>\n","protected":false},"author":1,"featured_media":1851,"comment_status":"open","ping_status":"open","sticky":false,"template":"","format":"standard","meta":{"_jetpack_memberships_contains_paid_content":false,"footnotes":""},"categories":[3],"tags":[],"class_list":["post-1849","post","type-post","status-publish","format-standard","has-post-thumbnail","hentry","category-xalapa"],"jetpack_featured_media_url":"https:\/\/encuentroinformativo.com.mx\/wp-content\/uploads\/2020\/04\/CFDCE01F-2A75-4D76-B75B-9EC73E42EEF8.jpeg","jetpack_sharing_enabled":true,"jetpack_likes_enabled":true,"amp_enabled":true,"_links":{"self":[{"href":"https:\/\/encuentroinformativo.com.mx\/index.php?rest_route=\/wp\/v2\/posts\/1849","targetHints":{"allow":["GET"]}}],"collection":[{"href":"https:\/\/encuentroinformativo.com.mx\/index.php?rest_route=\/wp\/v2\/posts"}],"about":[{"href":"https:\/\/encuentroinformativo.com.mx\/index.php?rest_route=\/wp\/v2\/types\/post"}],"author":[{"embeddable":true,"href":"https:\/\/encuentroinformativo.com.mx\/index.php?rest_route=\/wp\/v2\/users\/1"}],"replies":[{"embeddable":true,"href":"https:\/\/encuentroinformativo.com.mx\/index.php?rest_route=%2Fwp%2Fv2%2Fcomments&post=1849"}],"version-history":[{"count":1,"href":"https:\/\/encuentroinformativo.com.mx\/index.php?rest_route=\/wp\/v2\/posts\/1849\/revisions"}],"predecessor-version":[{"id":1852,"href":"https:\/\/encuentroinformativo.com.mx\/index.php?rest_route=\/wp\/v2\/posts\/1849\/revisions\/1852"}],"wp:featuredmedia":[{"embeddable":true,"href":"https:\/\/encuentroinformativo.com.mx\/index.php?rest_route=\/wp\/v2\/media\/1851"}],"wp:attachment":[{"href":"https:\/\/encuentroinformativo.com.mx\/index.php?rest_route=%2Fwp%2Fv2%2Fmedia&parent=1849"}],"wp:term":[{"taxonomy":"category","embeddable":true,"href":"https:\/\/encuentroinformativo.com.mx\/index.php?rest_route=%2Fwp%2Fv2%2Fcategories&post=1849"},{"taxonomy":"post_tag","embeddable":true,"href":"https:\/\/encuentroinformativo.com.mx\/index.php?rest_route=%2Fwp%2Fv2%2Ftags&post=1849"}],"curies":[{"name":"wp","href":"https:\/\/api.w.org\/{rel}","templated":true}]}}