{"id":18507,"date":"2021-09-18T15:55:31","date_gmt":"2021-09-18T20:55:31","guid":{"rendered":"https:\/\/encuentroinformativo.com.mx\/?p=18507"},"modified":"2021-09-18T15:55:34","modified_gmt":"2021-09-18T20:55:34","slug":"aprueban-propuesta-para-plan-de-autosuficiencia-sanitaria","status":"publish","type":"post","link":"https:\/\/encuentroinformativo.com.mx\/?p=18507","title":{"rendered":"Aprueban propuesta para plan de autosuficiencia sanitaria"},"content":{"rendered":"\n<p>Ciudad de M\u00e9xico.- Los pa\u00edses miembros de la Comunidad de Estados Latinoamericanos y Caribe\u00f1os (CELAC) aprobaron hoy por unanimidad  los <a rel=\"noreferrer noopener\" href=\"https:\/\/www.cepal.org\/es\/publicaciones\/47252-lineamientos-propuestas-un-plan-autosuficiencia-sanitaria-america-latina-caribe\" target=\"_blank\"><strong><em>lineamientos y propuestas para un plan de autosuficiencia sanitaria para Am\u00e9rica Latina y el Caribe<\/em><\/strong><\/a>, una ruta program\u00e1tica presentada por la Comisi\u00f3n Econ\u00f3mica para Am\u00e9rica Latina y el Caribe (CEPAL) para fortalecer la producci\u00f3n y distribuci\u00f3n de medicamentos, en especial vacunas, en los pa\u00edses de la regi\u00f3n y reducir la dependencia externa, y mandataron a la\u00a0Comisi\u00f3n regional de las Naciones Unidas para que contin\u00fae las acciones para su efectiva implementaci\u00f3n.<\/p>\n\n\n\n<p>El plan fue presentado por Alicia B\u00e1rcena, Secretaria Ejecutiva de la CEPAL, durante la VI Cumbre de jefas y jefes de Estado y de Gobierno de la CELAC que se celebr\u00f3 en M\u00e9xico, pa\u00eds que ejerce la Presidencia pro tempore del bloque regional,&nbsp;y a la cual asistieron Presidentes, Vicepresidentes, Ministros y altos funcionarios de gobierno de las 33 naciones que lo conforman.<\/p>\n\n\n\n<p>En su discurso inaugural, el Presidente de M\u00e9xico, Andr\u00e9s Manuel L\u00f3pez Obrador, llam\u00f3 a los pa\u00edses a \u201cterminar con el letargo y plantear una nueva y vigorosa relaci\u00f3n entre los pueblos de Am\u00e9rica\u201d. Asimismo, inst\u00f3 a Estados Unidos y Canad\u00e1 a otorgar vacunas a los pa\u00edses de la regi\u00f3n que no han podido proteger a sus pueblos frente al COVID-19 por falta de recursos econ\u00f3micos, y solicit\u00f3 a la CEPAL y otros organismos multilaterales, la elaboraci\u00f3n de un plan con el objetivo superior de promover la comunidad econ\u00f3mica de Am\u00e9rica Latina y el Caribe y as\u00ed aprovechar la riqueza natural y cultural de la regi\u00f3n.<\/p>\n\n\n\n<p>Por su parte, el Ministro de Relaciones Exteriores de M\u00e9xico, Marcelo Ebrard, destac\u00f3 la aprobaci\u00f3n de los lineamientos y propuestas de un plan de autosuficiencia sanitaria, el que defini\u00f3 como la adopci\u00f3n de un camino com\u00fan para evitar nuevos rezagos en la regi\u00f3n en materia de acceso a vacunas y medicamentos.<\/p>\n\n\n\n<p>\u201cTodav\u00eda hoy estamos muy rezagados respecto a otras regiones del mundo. Esto no debe volver a ocurrir en nuestra regi\u00f3n y ese es el valor del documento que ustedes han aprobado. Los 31 pa\u00edses aqu\u00ed representados estamos hoy adoptando un camino com\u00fan para que Am\u00e9rica Latina y el Caribe nunca m\u00e1s quede rezagada como en 2020 y 2021. La lecci\u00f3n aprendida y el camino adoptado\u201d, afirm\u00f3.<\/p>\n\n\n\n<p>Por su parte, el Secretario General de las Naciones Unidas, Ant\u00f3nio Guterres, subray\u00f3 en un mensaje en video que, cuando existen desaf\u00edos comunes, es necesario identificar \u00e1reas concretas de respuesta colectiva y propuestas de soluci\u00f3n multilateral.<\/p>\n\n\n\n<p>\u201cCon la cumbre de hoy, los l\u00edderes de la regi\u00f3n demuestran su compromiso con la renovaci\u00f3n de la CELAC como espacio de fortalecimiento de la cooperaci\u00f3n regional. Las Naciones Unidas contribuyen a esta aspiraci\u00f3n mediante el plan de autosuficiencia sanitaria, cuyo objetivo es el desarrollo, expansi\u00f3n y fortalecimiento de la producci\u00f3n regional de vacunas y medicamentos\u201d, expres\u00f3 el m\u00e1ximo representante de la ONU.<\/p>\n\n\n\n<p>La propuesta de un&nbsp;<strong><em>plan de autosuficiencia sanitaria<\/em><\/strong>&nbsp;presentada por Alicia B\u00e1rcena busca diagnosticar la magnitud de los retos que enfrentan los pa\u00edses de la regi\u00f3n en las esferas sanitaria, econ\u00f3mica, social y productiva, y avanzar en l\u00edneas de acci\u00f3n para fortalecer las capacidades productivas y de distribuci\u00f3n de vacunas y medicamentos en los pa\u00edses de Am\u00e9rica Latina y el Caribe.<\/p>\n\n\n\n<p>Para el desarrollo de la iniciativa, la CEPAL realiz\u00f3 un seguimiento exhaustivo de los avances y problemas para un acceso igualitario a la vacunaci\u00f3n, constituy\u00f3 un grupo de trabajo integrado por m\u00e1s de 20 expertos de distintos pa\u00edses de la regi\u00f3n, realiz\u00f3 un inventario y diagn\u00f3stico de las capacidades regionales en el \u00e1mbito de la salud, en el que se resaltan las capacidades institucionales para el dise\u00f1o y la implementaci\u00f3n de pol\u00edticas, formul\u00f3 recomendaciones de estrategias y siete l\u00edneas de acci\u00f3n para el corto, mediano y largo plazo, e identific\u00f3 a actores e instituciones estrat\u00e9gicas.<\/p>\n\n\n\n<p>Durante su presentaci\u00f3n, Alicia B\u00e1rcena record\u00f3 que la magnitud de la pandemia evidenci\u00f3 las limitaciones del abastecimiento de vacunas y medicamentos, las debilidades de los sistemas de salud, la desigualdad frente al acceso a atenci\u00f3n primaria universal y la carencia de una planificaci\u00f3n anticipatoria.<\/p>\n\n\n\n<p>Asimismo, el subfinanciamiento cr\u00f3nico de la investigaci\u00f3n y el desarrollo tecnol\u00f3gico y la debilidad de pol\u00edticas industriales, no permitieron desarrollar las capacidades existentes para producir vacunas oportunamente y construir un mercado de escala de medicamentos.<\/p>\n\n\n\n<p>La alta funcionaria de las Naciones Unidas subray\u00f3 que la crisis sanitaria revel\u00f3 una insuficiente solidaridad internacional, con poco apoyo de los pa\u00edses desarrollados y escasos efectos del Fondo de Acceso Global para Vacunas Covid-19 (COVAX). Adem\u00e1s, se\u00f1al\u00f3, la fuerte participaci\u00f3n de la regi\u00f3n en ensayos cl\u00ednicos de laboratorios internacionales no implic\u00f3 mayor acceso a las vacunas. Prueba de esto es que Am\u00e9rica Latina y el Caribe no alcanzar\u00e1 a vacunar al 80% de su poblaci\u00f3n en 2021.<\/p>\n\n\n\n<p>Por ello, \u201cse requieren sistemas de atenci\u00f3n primaria universal en Am\u00e9rica Latina y el Caribe. Urge una coordinaci\u00f3n estrat\u00e9gica entre los sectores de salud, econom\u00eda, industria y finanzas en la regi\u00f3n. Es imperativo impulsar el desarrollo y la coordinaci\u00f3n entre los sistemas de regulaci\u00f3n y se precisa de una visi\u00f3n de integraci\u00f3n regional y subregional que garantice mayor autonom\u00eda productiva y acceso universal a vacunas\u201d, expres\u00f3.<\/p>\n\n\n\n<p>La Secretaria Ejecutiva de la CEPAL destac\u00f3 que, pese a las limitaciones y heterogeneidad entre pa\u00edses, la industria farmac\u00e9utica es importante no solo por su producci\u00f3n sino tambi\u00e9n por su desempe\u00f1o en calidad de empleo, salarios, g\u00e9nero y difusi\u00f3n del conocimiento.<\/p>\n\n\n\n<p>Record\u00f3 que las grandes empresas farmac\u00e9uticas son l\u00edderes del cambio tecnol\u00f3gico, sin embargo, en la regi\u00f3n s\u00f3lo representan el 8% versus el 51% a nivel mundial. Asimismo, la participaci\u00f3n de Am\u00e9rica Latina y el Caribe en las exportaciones mundiales de productos farmac\u00e9uticos fue del 0,7% en 2020, muy por debajo de su participaci\u00f3n en las exportaciones mundiales de todos los bienes ese a\u00f1o (5,4%), mientras que el 87% de las importaciones de medicamentos proviene de fuera de la regi\u00f3n.<\/p>\n\n\n\n<p>En una perspectiva de mediano y largo plazo, el&nbsp;<strong><em>plan de autosuficiencia sanitaria<\/em><\/strong>&nbsp;para Am\u00e9rica Latina y el Caribe tiene como fin \u00faltimo el desarrollo, la expansi\u00f3n y el fortalecimiento competitivo de las capacidades de investigaci\u00f3n, desarrollo y producci\u00f3n de vacunas y medicamentos a nivel regional. Para ello, se definen tres objetivos espec\u00edficos: asegurar un mercado estable de gran escala, que d\u00e9 se\u00f1ales claras y seguridad a las empresas para invertir; incentivar y facilitar la investigaci\u00f3n y el desarrollo de proyectos innovadores, y apoyar la producci\u00f3n local y la integraci\u00f3n en cadenas regionales de producci\u00f3n.<\/p>\n\n\n\n<p>Adem\u00e1s, en una perspectiva de urgencia ante la pandemia de COVID-19, a la fr\u00e1gil situaci\u00f3n de acceso internacional a las vacunas y el lento avance de los procesos de inoculaci\u00f3n en la mayor\u00eda de los pa\u00edses, el plan agrega el objetivo de acelerar los procesos de vacunaci\u00f3n, para lo cual se requiere mejorar el acceso internacional a las vacunas y facilitar los procesos internos de inoculaci\u00f3n.<\/p>\n\n\n\n<p>En este contexto, se definieron y priorizaron siete l\u00edneas de acci\u00f3n: i) Fortalecer los mecanismos de compra conjunta internacional de vacunas y medicamentos esenciales; ii) Utilizar los mecanismos de compras p\u00fablicas de medicamentos para el desarrollo de mercados regionales; iii) Crear consorcios para el desarrollo y la producci\u00f3n de vacunas; iv) Implementar una plataforma regional de ensayos cl\u00ednicos; v) Aprovechar las flexibilidades normativas para acceder a propiedad intelectual; vi) Fortalecer mecanismos de convergencia y reconocimiento regulatorio; y vii) Fortalecer los sistemas de salud primaria para el acceso universal a vacunas y su distribuci\u00f3n equitativa.<\/p>\n\n\n\n<p>En el corto plazo, la CEPAL identific\u00f3 acciones inmediatas en tres \u00e1mbitos:&nbsp;la coordinaci\u00f3n entre las entidades reguladoras nacionales, mecanismos regionales de compra para lograr el acceso universal a vacunas e implementaci\u00f3n de una plataforma regional de ensayos cl\u00ednicos.<\/p>\n\n\n\n<p>\u201cEl esp\u00edritu del plan de autosuficiencia sanitaria y sus iniciativas son de alcance regional, y se proponen l\u00edneas de acci\u00f3n para su implementaci\u00f3n regional o subregional. Si bien un plan de esta naturaleza requiere el fortalecimiento de las capacidades dentro de cada pa\u00eds \u2014y en \u00e9l se reconoce la importancia de las pol\u00edticas nacionales\u2014, su foco no se sit\u00faa en las propuestas de alcance nacional, sino en la cooperaci\u00f3n y la integraci\u00f3n regional\u201d, afirm\u00f3 Alicia B\u00e1rcena.<\/p>\n\n\n\n<p>\u201cLa CEPAL pone todas sus capacidades t\u00e9cnicas al servicio de la CELAC para poder implementar el plan de autosuficiencia sanitaria presentado hoy. La integraci\u00f3n regional es uno de los motivos de la existencia de nuestra instituci\u00f3n\u201d, concluy\u00f3.<\/p>\n","protected":false},"excerpt":{"rendered":"<p>Ciudad de M\u00e9xico.- Los pa\u00edses miembros de la Comunidad de Estados Latinoamericanos y Caribe\u00f1os (CELAC) aprobaron hoy por unanimidad los lineamientos y propuestas para un plan de autosuficiencia sanitaria para Am\u00e9rica Latina y el Caribe, una ruta program\u00e1tica presentada por la Comisi\u00f3n Econ\u00f3mica para Am\u00e9rica Latina y el Caribe (CEPAL) para fortalecer la producci\u00f3n y [&hellip;]<\/p>\n","protected":false},"author":1,"featured_media":18508,"comment_status":"open","ping_status":"open","sticky":false,"template":"","format":"standard","meta":{"_jetpack_memberships_contains_paid_content":false,"footnotes":""},"categories":[12],"tags":[],"class_list":["post-18507","post","type-post","status-publish","format-standard","has-post-thumbnail","hentry","category-nacional"],"jetpack_featured_media_url":"https:\/\/encuentroinformativo.com.mx\/wp-content\/uploads\/2021\/09\/A9203116-F55F-4DDE-AAC5-ABA009D59D4F.jpeg","jetpack_sharing_enabled":true,"jetpack_likes_enabled":true,"amp_enabled":true,"_links":{"self":[{"href":"https:\/\/encuentroinformativo.com.mx\/index.php?rest_route=\/wp\/v2\/posts\/18507","targetHints":{"allow":["GET"]}}],"collection":[{"href":"https:\/\/encuentroinformativo.com.mx\/index.php?rest_route=\/wp\/v2\/posts"}],"about":[{"href":"https:\/\/encuentroinformativo.com.mx\/index.php?rest_route=\/wp\/v2\/types\/post"}],"author":[{"embeddable":true,"href":"https:\/\/encuentroinformativo.com.mx\/index.php?rest_route=\/wp\/v2\/users\/1"}],"replies":[{"embeddable":true,"href":"https:\/\/encuentroinformativo.com.mx\/index.php?rest_route=%2Fwp%2Fv2%2Fcomments&post=18507"}],"version-history":[{"count":1,"href":"https:\/\/encuentroinformativo.com.mx\/index.php?rest_route=\/wp\/v2\/posts\/18507\/revisions"}],"predecessor-version":[{"id":18509,"href":"https:\/\/encuentroinformativo.com.mx\/index.php?rest_route=\/wp\/v2\/posts\/18507\/revisions\/18509"}],"wp:featuredmedia":[{"embeddable":true,"href":"https:\/\/encuentroinformativo.com.mx\/index.php?rest_route=\/wp\/v2\/media\/18508"}],"wp:attachment":[{"href":"https:\/\/encuentroinformativo.com.mx\/index.php?rest_route=%2Fwp%2Fv2%2Fmedia&parent=18507"}],"wp:term":[{"taxonomy":"category","embeddable":true,"href":"https:\/\/encuentroinformativo.com.mx\/index.php?rest_route=%2Fwp%2Fv2%2Fcategories&post=18507"},{"taxonomy":"post_tag","embeddable":true,"href":"https:\/\/encuentroinformativo.com.mx\/index.php?rest_route=%2Fwp%2Fv2%2Ftags&post=18507"}],"curies":[{"name":"wp","href":"https:\/\/api.w.org\/{rel}","templated":true}]}}