{"id":18520,"date":"2021-09-19T13:51:01","date_gmt":"2021-09-19T18:51:01","guid":{"rendered":"https:\/\/encuentroinformativo.com.mx\/?p=18520"},"modified":"2021-09-19T13:51:05","modified_gmt":"2021-09-19T18:51:05","slug":"necesario-promover-cultura-de-la-proteccion-civil-gobernador","status":"publish","type":"post","link":"https:\/\/encuentroinformativo.com.mx\/?p=18520","title":{"rendered":"Necesario promover cultura de la protecci\u00f3n civil: Gobernador"},"content":{"rendered":"\n<p>Xalapa, Ver.- Veracruz participa en la conmemoraci\u00f3n del D\u00eda Nacional de la Protecci\u00f3n Civil refrendando su compromiso con dicha tarea; por ello, este d\u00eda el gobernador Cuitl\u00e1huac Garc\u00eda Jim\u00e9nez encabez\u00f3 el izamiento de Bandera a media asta en memoria de las v\u00edctimas de los sismos de 1985 y 2017.<\/p>\n\n\n\n<p>En el marco del Segundo Simulacro Nacional 2021, convocado por la Coordinaci\u00f3n Nacional de Protecci\u00f3n Civil (CNPC), el objetivo es la realizaci\u00f3n de simulacros de evacuaci\u00f3n en todo el pa\u00eds, a fin de que la poblaci\u00f3n est\u00e9 preparada ante una emergencia y as\u00ed contribuya a minimizar riesgos y da\u00f1os por desastres naturales. De esta forma, los veracruzanos tendremos la oportunidad de examinar qu\u00e9 tan seguros son los inmuebles donde vivimos y trabajamos, sus alrededores, y dise\u00f1ar rutas de evacuaci\u00f3n.<\/p>\n\n\n\n<p>Tras el devastador sismo del 19 de septiembre de 1985, cuya magnitud alcanz\u00f3 los 8.1 grados en la escala de Richter, el 06 de mayo de 1986 el Gobierno de M\u00e9xico public\u00f3 en el Diario Oficial de la Federaci\u00f3n el Sistema Nacional de Protecci\u00f3n Civil y el Programa de Protecci\u00f3n Civil, el 11 de mayo de 1990 inaugur\u00f3 el Centro Nacional de Prevenci\u00f3n de Desastres, en mayo del 2000 dio a conocer la Ley General de Protecci\u00f3n Civil y en 2001 decret\u00f3 el D\u00eda Nacional de la Protecci\u00f3n Civil.<\/p>\n\n\n\n<p>Al respecto, el Ejecutivo estatal coment\u00f3 que por su situaci\u00f3n geogr\u00e1fica Veracruz enfrenta riesgos constantes, de ah\u00ed que sigan aplic\u00e1ndose estas pol\u00edticas. \u201cLa cultura de la protecci\u00f3n civil tiene que llegar a todos los hogares, para que estemos todos listos ante una emergencia. Sepamos que debemos prevenir y estar atentos a las indicaciones de Protecci\u00f3n Civil\u201d.<\/p>\n\n\n\n<p>Igualmente record\u00f3 que en fechas recientes a la entidad le toc\u00f3 experimentar el paso del hurac\u00e1n Grace, que afect\u00f3 el norte y centro en mayor medida; aqu\u00ed se demostr\u00f3 la disposici\u00f3n de los servidores p\u00fablicos para atender a la ciudadan\u00eda, coordinados con el Gobierno Federal y bajo el mando del Sistema Estatal de Protecci\u00f3n Civil.<\/p>\n\n\n\n<p>Durante la ceremonia, efectuada en el parque Benito Ju\u00e1rez de esta capital, acompa\u00f1aron al Gobernador la titular del Poder Judicial, magistrada presidenta Isabel In\u00e9s Romero Cruz; el comandante de la 26\/a Zona Militar, Jos\u00e9 Francisco Camarena Hern\u00e1ndez; el vicealmirante Luis Felipe L\u00f3pez Castro, de la Regi\u00f3n Naval; la fiscal general del Estado, Ver\u00f3nica Hern\u00e1ndez Giad\u00e1ns; los titulares de las secretar\u00edas de Protecci\u00f3n Civil, Guadalupe Osorno Maldonado, y de Seguridad P\u00fablica, Hugo Guti\u00e9rrez Maldonado, quienes en punto de las 07:19 horas escucharon un minuto del sonido de sirenas y el toque de silencio en recuerdo de los fallecidos.<\/p>\n\n\n\n<figure class=\"wp-block-image size-large\"><img loading=\"lazy\" decoding=\"async\" width=\"750\" height=\"469\" src=\"https:\/\/encuentroinformativo.com.mx\/wp-content\/uploads\/2021\/09\/AE1BAF10-F8CD-4EE0-8101-C216B1717300.jpeg\" alt=\"\" class=\"wp-image-18522\" srcset=\"https:\/\/encuentroinformativo.com.mx\/wp-content\/uploads\/2021\/09\/AE1BAF10-F8CD-4EE0-8101-C216B1717300.jpeg 750w, https:\/\/encuentroinformativo.com.mx\/wp-content\/uploads\/2021\/09\/AE1BAF10-F8CD-4EE0-8101-C216B1717300-300x188.jpeg 300w, https:\/\/encuentroinformativo.com.mx\/wp-content\/uploads\/2021\/09\/AE1BAF10-F8CD-4EE0-8101-C216B1717300-464x290.jpeg 464w\" sizes=\"auto, (max-width: 750px) 100vw, 750px\" \/><\/figure>\n","protected":false},"excerpt":{"rendered":"<p>Xalapa, Ver.- Veracruz participa en la conmemoraci\u00f3n del D\u00eda Nacional de la Protecci\u00f3n Civil refrendando su compromiso con dicha tarea; por ello, este d\u00eda el gobernador Cuitl\u00e1huac Garc\u00eda Jim\u00e9nez encabez\u00f3 el izamiento de Bandera a media asta en memoria de las v\u00edctimas de los sismos de 1985 y 2017. En el marco del Segundo Simulacro [&hellip;]<\/p>\n","protected":false},"author":1,"featured_media":18521,"comment_status":"open","ping_status":"open","sticky":false,"template":"","format":"standard","meta":{"_jetpack_memberships_contains_paid_content":false,"footnotes":""},"categories":[2],"tags":[],"class_list":["post-18520","post","type-post","status-publish","format-standard","has-post-thumbnail","hentry","category-estado"],"jetpack_featured_media_url":"https:\/\/encuentroinformativo.com.mx\/wp-content\/uploads\/2021\/09\/DC881696-3DA9-4F36-9D52-5C4F44E9D634.jpeg","jetpack_sharing_enabled":true,"jetpack_likes_enabled":true,"amp_enabled":true,"_links":{"self":[{"href":"https:\/\/encuentroinformativo.com.mx\/index.php?rest_route=\/wp\/v2\/posts\/18520","targetHints":{"allow":["GET"]}}],"collection":[{"href":"https:\/\/encuentroinformativo.com.mx\/index.php?rest_route=\/wp\/v2\/posts"}],"about":[{"href":"https:\/\/encuentroinformativo.com.mx\/index.php?rest_route=\/wp\/v2\/types\/post"}],"author":[{"embeddable":true,"href":"https:\/\/encuentroinformativo.com.mx\/index.php?rest_route=\/wp\/v2\/users\/1"}],"replies":[{"embeddable":true,"href":"https:\/\/encuentroinformativo.com.mx\/index.php?rest_route=%2Fwp%2Fv2%2Fcomments&post=18520"}],"version-history":[{"count":1,"href":"https:\/\/encuentroinformativo.com.mx\/index.php?rest_route=\/wp\/v2\/posts\/18520\/revisions"}],"predecessor-version":[{"id":18523,"href":"https:\/\/encuentroinformativo.com.mx\/index.php?rest_route=\/wp\/v2\/posts\/18520\/revisions\/18523"}],"wp:featuredmedia":[{"embeddable":true,"href":"https:\/\/encuentroinformativo.com.mx\/index.php?rest_route=\/wp\/v2\/media\/18521"}],"wp:attachment":[{"href":"https:\/\/encuentroinformativo.com.mx\/index.php?rest_route=%2Fwp%2Fv2%2Fmedia&parent=18520"}],"wp:term":[{"taxonomy":"category","embeddable":true,"href":"https:\/\/encuentroinformativo.com.mx\/index.php?rest_route=%2Fwp%2Fv2%2Fcategories&post=18520"},{"taxonomy":"post_tag","embeddable":true,"href":"https:\/\/encuentroinformativo.com.mx\/index.php?rest_route=%2Fwp%2Fv2%2Ftags&post=18520"}],"curies":[{"name":"wp","href":"https:\/\/api.w.org\/{rel}","templated":true}]}}