{"id":18531,"date":"2021-09-19T17:30:11","date_gmt":"2021-09-19T22:30:11","guid":{"rendered":"https:\/\/encuentroinformativo.com.mx\/?p=18531"},"modified":"2021-09-19T17:30:13","modified_gmt":"2021-09-19T22:30:13","slug":"se-atenderan-danos-en-carretera-de-alto-lucero-informo-el-gobernador","status":"publish","type":"post","link":"https:\/\/encuentroinformativo.com.mx\/?p=18531","title":{"rendered":"Se atender\u00e1n da\u00f1os en carretera de Alto Lucero, inform\u00f3 el gobernador"},"content":{"rendered":"\n<p><strong>*La obra realizada por la SIOP hab\u00eda sido inaugurada de manera reciente.<\/strong><\/p>\n\n\n\n<p><strong>Juan Arcos <\/strong><\/p>\n\n\n\n<p>Xalapa, Ver.- El tramo carretero Ojo de Zarco-Jacales, municipio de Alto Lucero, que sufri\u00f3 da\u00f1os por las recientes lluvias ser\u00e1 reparada, revel\u00f3 el gobernador de Veracruz, Cuitl\u00e1huac Garc\u00eda Jim\u00e9nez.<\/p>\n\n\n\n<p>Cabe recordar que la v\u00eda de comunicaci\u00f3n fue rehabilitada con pavimento hidr\u00e1ulico e inaugurada el 13 de julio de 2020; sin embargo, pobladores denunciaron en redes sociales que este fin de semana el pavimento present\u00f3 una severa fractura por un deslave.<\/p>\n\n\n\n<p>&#8220;Ya la tenemos reportada, ya tenemos el presupuesto para atenderla. Es un deslave, esto sucede en todos lados&#8221;, expres\u00f3 el mandatario estatal.<\/p>\n\n\n\n<p>El entrevistado mencion\u00f3 que la empresa constructora, misma que llev\u00f3 a cabo su rehabilitaci\u00f3n, no lo har\u00e1 en esta ocasi\u00f3n y la obra estar\u00e1 a cargo del gobierno del estado.<\/p>\n\n\n\n<p>Por otra parte, el mandatario estatal indic\u00f3 que son cerca de 40 mil damnificados por el hurac\u00e1n \u201cGrace\u201d los que recibir\u00e1n apoyo econ\u00f3mico del gobierno federal.<\/p>\n\n\n\n<p>Sobre las protestas y bloqueos carreteros en la zona norte del Estado por parte de pobladores afectados que no han sido censados, Garc\u00eda Jim\u00e9nez indic\u00f3 que el delegado de Bienestar, Manuel Huerta Ladr\u00f3n de Guevara, dar\u00e1 informaci\u00f3n al respecto.<\/p>\n\n\n\n<p>Adem\u00e1s, mencion\u00f3 que se ha desplegado un operativo para garantizar que los beneficiarios reciban su dinero y no sean asaltados, como ha ocurrido a cuatro de ellos en municipios del norte veracruzano.<\/p>\n","protected":false},"excerpt":{"rendered":"<p>*La obra realizada por la SIOP hab\u00eda sido inaugurada de manera reciente. Juan Arcos Xalapa, Ver.- El tramo carretero Ojo de Zarco-Jacales, municipio de Alto Lucero, que sufri\u00f3 da\u00f1os por las recientes lluvias ser\u00e1 reparada, revel\u00f3 el gobernador de Veracruz, Cuitl\u00e1huac Garc\u00eda Jim\u00e9nez. Cabe recordar que la v\u00eda de comunicaci\u00f3n fue rehabilitada con pavimento hidr\u00e1ulico [&hellip;]<\/p>\n","protected":false},"author":1,"featured_media":18532,"comment_status":"open","ping_status":"open","sticky":false,"template":"","format":"standard","meta":{"_jetpack_memberships_contains_paid_content":false,"footnotes":""},"categories":[8],"tags":[],"class_list":["post-18531","post","type-post","status-publish","format-standard","has-post-thumbnail","hentry","category-region"],"jetpack_featured_media_url":"https:\/\/encuentroinformativo.com.mx\/wp-content\/uploads\/2021\/09\/D3FD61D0-66F0-4DD8-B2B8-CEDA3CE4318B.jpeg","jetpack_sharing_enabled":true,"jetpack_likes_enabled":true,"amp_enabled":true,"_links":{"self":[{"href":"https:\/\/encuentroinformativo.com.mx\/index.php?rest_route=\/wp\/v2\/posts\/18531","targetHints":{"allow":["GET"]}}],"collection":[{"href":"https:\/\/encuentroinformativo.com.mx\/index.php?rest_route=\/wp\/v2\/posts"}],"about":[{"href":"https:\/\/encuentroinformativo.com.mx\/index.php?rest_route=\/wp\/v2\/types\/post"}],"author":[{"embeddable":true,"href":"https:\/\/encuentroinformativo.com.mx\/index.php?rest_route=\/wp\/v2\/users\/1"}],"replies":[{"embeddable":true,"href":"https:\/\/encuentroinformativo.com.mx\/index.php?rest_route=%2Fwp%2Fv2%2Fcomments&post=18531"}],"version-history":[{"count":1,"href":"https:\/\/encuentroinformativo.com.mx\/index.php?rest_route=\/wp\/v2\/posts\/18531\/revisions"}],"predecessor-version":[{"id":18533,"href":"https:\/\/encuentroinformativo.com.mx\/index.php?rest_route=\/wp\/v2\/posts\/18531\/revisions\/18533"}],"wp:featuredmedia":[{"embeddable":true,"href":"https:\/\/encuentroinformativo.com.mx\/index.php?rest_route=\/wp\/v2\/media\/18532"}],"wp:attachment":[{"href":"https:\/\/encuentroinformativo.com.mx\/index.php?rest_route=%2Fwp%2Fv2%2Fmedia&parent=18531"}],"wp:term":[{"taxonomy":"category","embeddable":true,"href":"https:\/\/encuentroinformativo.com.mx\/index.php?rest_route=%2Fwp%2Fv2%2Fcategories&post=18531"},{"taxonomy":"post_tag","embeddable":true,"href":"https:\/\/encuentroinformativo.com.mx\/index.php?rest_route=%2Fwp%2Fv2%2Ftags&post=18531"}],"curies":[{"name":"wp","href":"https:\/\/api.w.org\/{rel}","templated":true}]}}