{"id":18534,"date":"2021-09-19T17:36:14","date_gmt":"2021-09-19T22:36:14","guid":{"rendered":"https:\/\/encuentroinformativo.com.mx\/?p=18534"},"modified":"2021-09-19T17:36:18","modified_gmt":"2021-09-19T22:36:18","slug":"refuerzan-vigilancia-por-paso-de-migrantes-en-veracruz","status":"publish","type":"post","link":"https:\/\/encuentroinformativo.com.mx\/?p=18534","title":{"rendered":"Refuerzan vigilancia por paso de migrantes en Veracruz"},"content":{"rendered":"\n<p><strong>Juan Arcos <\/strong><\/p>\n\n\n\n<p>Xalapa, Ver.- El gobernador Cuitl\u00e1huac Garc\u00eda Jim\u00e9nez reconoci\u00f3 que ha incrementado el flujo migratorio por parte de personas originarias de Hait\u00ed en el territorio veracruzano.<\/p>\n\n\n\n<p>El mandatario estatal indic\u00f3 que se han reforzado los operativos para vigilar el paso de dichas personas en la entidad, quienes huyen de sus poblaciones en busca de oportunidades laborales en Estados Unidos.<\/p>\n\n\n\n<p>\u201cLo observamos, en varias estaciones vimos un importante flujo migratorio de personas proveniente de Hait\u00ed. Se comunic\u00f3 inmediatamente a Migraci\u00f3n y ellos reforzaron un operativo\u201d, expres\u00f3.<\/p>\n\n\n\n<p>Cabe recordar que en distintos municipios, como Poza Rica, se han concentrado multitudes de migrantes con intenciones de viajar al pa\u00eds vecino.<\/p>\n\n\n\n<p>En ese sentido, Garc\u00eda Jim\u00e9nez enfatiz\u00f3 que nunca se hab\u00eda registrado algo similar en el estado de Veracruz, donde se ha detectado la presencia de haitianos que viajan en autobuses.<\/p>\n\n\n\n<p>El titular del Poder Ejecutivo en Veracruz mencion\u00f3 que el Instituto Nacional de Migraci\u00f3n (INM) se encargar\u00e1 de vigilar los camiones de pasajeros para conocer en qu\u00e9 condiciones se trasladan.<\/p>\n\n\n\n<p>En entrevista posterior a la realizaci\u00f3n del acto conmemorativo por el &#8220;D\u00eda Nacional de la Protecci\u00f3n Civil&#8221;, el Gobernador mencion\u00f3 que se est\u00e1 dando seguimiento al caso de los haitianos que pasan por Veracruz, garantizando el respeto a sus derechos humanos.<\/p>\n\n\n\n<p>\u201cNo hay foco rojo, pero s\u00ed tiene que ver Migraci\u00f3n a qu\u00e9 se debe que viajen en l\u00edneas de autobuses y en qu\u00e9 circunstancias est\u00e1n viajando. No necesariamente tiene que ser migraci\u00f3n ilegal, lo hacen a trav\u00e9s de l\u00edneas de autobuses es diferente y llama la atenci\u00f3n\u201d, remat\u00f3.<\/p>\n","protected":false},"excerpt":{"rendered":"<p>Juan Arcos Xalapa, Ver.- El gobernador Cuitl\u00e1huac Garc\u00eda Jim\u00e9nez reconoci\u00f3 que ha incrementado el flujo migratorio por parte de personas originarias de Hait\u00ed en el territorio veracruzano. El mandatario estatal indic\u00f3 que se han reforzado los operativos para vigilar el paso de dichas personas en la entidad, quienes huyen de sus poblaciones en busca de [&hellip;]<\/p>\n","protected":false},"author":1,"featured_media":18535,"comment_status":"open","ping_status":"open","sticky":false,"template":"","format":"standard","meta":{"_jetpack_memberships_contains_paid_content":false,"footnotes":""},"categories":[2],"tags":[],"class_list":["post-18534","post","type-post","status-publish","format-standard","has-post-thumbnail","hentry","category-estado"],"jetpack_featured_media_url":"https:\/\/encuentroinformativo.com.mx\/wp-content\/uploads\/2021\/09\/0A0608AC-A84F-4058-A497-F162579D2539.jpeg","jetpack_sharing_enabled":true,"jetpack_likes_enabled":true,"amp_enabled":true,"_links":{"self":[{"href":"https:\/\/encuentroinformativo.com.mx\/index.php?rest_route=\/wp\/v2\/posts\/18534","targetHints":{"allow":["GET"]}}],"collection":[{"href":"https:\/\/encuentroinformativo.com.mx\/index.php?rest_route=\/wp\/v2\/posts"}],"about":[{"href":"https:\/\/encuentroinformativo.com.mx\/index.php?rest_route=\/wp\/v2\/types\/post"}],"author":[{"embeddable":true,"href":"https:\/\/encuentroinformativo.com.mx\/index.php?rest_route=\/wp\/v2\/users\/1"}],"replies":[{"embeddable":true,"href":"https:\/\/encuentroinformativo.com.mx\/index.php?rest_route=%2Fwp%2Fv2%2Fcomments&post=18534"}],"version-history":[{"count":1,"href":"https:\/\/encuentroinformativo.com.mx\/index.php?rest_route=\/wp\/v2\/posts\/18534\/revisions"}],"predecessor-version":[{"id":18536,"href":"https:\/\/encuentroinformativo.com.mx\/index.php?rest_route=\/wp\/v2\/posts\/18534\/revisions\/18536"}],"wp:featuredmedia":[{"embeddable":true,"href":"https:\/\/encuentroinformativo.com.mx\/index.php?rest_route=\/wp\/v2\/media\/18535"}],"wp:attachment":[{"href":"https:\/\/encuentroinformativo.com.mx\/index.php?rest_route=%2Fwp%2Fv2%2Fmedia&parent=18534"}],"wp:term":[{"taxonomy":"category","embeddable":true,"href":"https:\/\/encuentroinformativo.com.mx\/index.php?rest_route=%2Fwp%2Fv2%2Fcategories&post=18534"},{"taxonomy":"post_tag","embeddable":true,"href":"https:\/\/encuentroinformativo.com.mx\/index.php?rest_route=%2Fwp%2Fv2%2Ftags&post=18534"}],"curies":[{"name":"wp","href":"https:\/\/api.w.org\/{rel}","templated":true}]}}