{"id":18539,"date":"2021-09-20T09:32:30","date_gmt":"2021-09-20T14:32:30","guid":{"rendered":"https:\/\/encuentroinformativo.com.mx\/?p=18539"},"modified":"2021-09-20T09:32:35","modified_gmt":"2021-09-20T14:32:35","slug":"gutierrez-luna-yerros-y-aciertos","status":"publish","type":"post","link":"https:\/\/encuentroinformativo.com.mx\/?p=18539","title":{"rendered":"Guti\u00e9rrez Luna: Yerros y Aciertos"},"content":{"rendered":"\n<p><strong>Los Pol\u00edticos<\/strong><\/p>\n\n\n\n<p><strong>Salvador Mu\u00f1oz<\/strong><\/p>\n\n\n\n<p>A como van las cosas, en una de \u00e9sas lo van a convertir en el Dorian Gray de los Morenos y si se descuidan (m\u00e1s), hasta de los pol\u00edticos mexicanos, porque lo ponen de 64 a\u00f1os, pero parece de menos\u2026 \u00bfSer\u00e1n los aires de Mina o la Cuarta Transformaci\u00f3n s\u00ed funciona?<\/p>\n\n\n\n<p>Por un lado, Wikipedia, la Enciclopedia en la Red m\u00e1s famosa del mundo, lo pone a un a\u00f1o de Adulto Mayor, con 64 a\u00f1os; y por otro lado, el Sistema de Informaci\u00f3n Legislativa (SIL) de la LXIV Legislatura del Congreso de la Uni\u00f3n, m\u00e1s benevolente, le acomoda 54 a\u00f1os\u2026 s\u00ed, todo indica que hay una confusi\u00f3n, porque el presidente de la C\u00e1mara de Diputados, Sergio Guti\u00e9rrez Luna, tiene 45 a\u00f1os.<\/p>\n\n\n\n<p>Al final no pasan de ser simples yerros de la Wiki y del SIL que contrastan con el acierto que tuvo Morena en la designaci\u00f3n del vecino de Mina como coordinador en la C\u00e1mara Baja.<\/p>\n\n\n\n<p>\u00bfPor qu\u00e9 considerarlo un acierto? Simple. El egresado de la Libre de Derecho no s\u00f3lo ya conoce San L\u00e1zaro cuando llega a ocupar la curul de Horacio Duarte Olivares, sino que en el partido, era la mano derecha de Mario Delgado en cuanto a materia legal se refiere y dos puntos hay que tomar en consideraci\u00f3n para entender la trascendencia del minatitleco:<\/p>\n\n\n\n<p>1.- Era el representante de Morena ante el INE.<\/p>\n\n\n\n<p>2.- Fue parte esencial en la mesa de negociaci\u00f3n para las candidaturas a Gobernador de Morena, PT y Verde, tan as\u00ed, que hoy desde el Congreso, es el mejor enlace que los pr\u00f3ximos gobernadores de esta alianza tienen en San L\u00e1zaro.<\/p>\n\n\n\n<p>Esto es por decir lo menos. El trabajo legal desde su despacho, lo ha llevado a ser autor del Nuevo Sistema de Justicia Penal del Estado de Sonora, a petici\u00f3n del entonces gobernador Guillermo Padr\u00e9s, por lo que entiende mejor que nadie las Leyes lo que sumado a su forma de hacer y entender la pol\u00edtica, lo lleva a ser un buen negociador, capaz de hacer an\u00e1lisis, de argumentar con el \u00fanico fin de lograr resultados sin las emociones propias que es capaz de proyectar un Noro\u00f1a (por decir algo radical).<\/p>\n\n\n\n<p>Ya se reuni\u00f3 con Lorenzo C\u00f3rdova, presidente del Instituto Nacional Electoral y la conclusi\u00f3n de tal, sorprendi\u00f3 a todos porque salieron como \u201ccuates\u201d, \u201cbros\u201d&#8230; todo indica que Morena encontr\u00f3 la bisagra horizontal, \u00e9sa que abre puertas y que requiere para estos pr\u00f3ximos tres a\u00f1os\u2026 la bisagra vertical, la que muchos morenos traen en la nuca, \u00e9sa parece que no es su estilo. Vamos, se trata de defender la postura de Morena y es seguro que veamos tremendos agarrones en Tribuna, pero con un debate de altura, con conocimiento jur\u00eddico, con argumentos, para que el Congreso deje de ser ese circo de camisetas, de m\u00e1scaras, de esbozos de far\u00e1ndula, de insultos, y haya m\u00e1s espacio para la pol\u00edtica.<\/p>\n\n\n\n<p>Ahora, que si lo vemos desde el lado localista, hagamos n\u00fameros\u2026 Hace cu\u00e1nto un veracruzano no ocupaba un cargo tan relevante como ser el Presidente de la C\u00e1mara de Diputados y qu\u00e9 mejor si lo hace de forma relevante, trascendente, ajeno a esc\u00e1ndalos y m\u00e1s propio al quehacer pol\u00edtico&#8230;<\/p>\n\n\n\n<p>El yerro de la Wikipedia y del SIL han de pasar al anecdotario\u2026 esperemos que la designaci\u00f3n que hace Morena de este veracruzano, se consolide como en el acierto que hasta el momento tiene sorprendidos a propios y hasta a los de la oposici\u00f3n con sus resultados y forma de hacer pol\u00edtica y ser pol\u00edtico&#8230;<\/p>\n\n\n\n<p><a href=\"mailto:smcainito@gmail.com\" target=\"_blank\" rel=\"noreferrer noopener\">smcainito@gmail.com<\/a><\/p>\n","protected":false},"excerpt":{"rendered":"<p>Los Pol\u00edticos Salvador Mu\u00f1oz A como van las cosas, en una de \u00e9sas lo van a convertir en el Dorian Gray de los Morenos y si se descuidan (m\u00e1s), hasta de los pol\u00edticos mexicanos, porque lo ponen de 64 a\u00f1os, pero parece de menos\u2026 \u00bfSer\u00e1n los aires de Mina o la Cuarta Transformaci\u00f3n s\u00ed funciona? [&hellip;]<\/p>\n","protected":false},"author":1,"featured_media":387,"comment_status":"open","ping_status":"open","sticky":false,"template":"","format":"standard","meta":{"_jetpack_memberships_contains_paid_content":false,"footnotes":""},"categories":[11],"tags":[],"class_list":["post-18539","post","type-post","status-publish","format-standard","has-post-thumbnail","hentry","category-opinion"],"jetpack_featured_media_url":"https:\/\/encuentroinformativo.com.mx\/wp-content\/uploads\/2020\/03\/7CF8A22B-2764-47BE-8F7F-38FE9E5D6A2F.jpeg","jetpack_sharing_enabled":true,"jetpack_likes_enabled":true,"amp_enabled":true,"_links":{"self":[{"href":"https:\/\/encuentroinformativo.com.mx\/index.php?rest_route=\/wp\/v2\/posts\/18539","targetHints":{"allow":["GET"]}}],"collection":[{"href":"https:\/\/encuentroinformativo.com.mx\/index.php?rest_route=\/wp\/v2\/posts"}],"about":[{"href":"https:\/\/encuentroinformativo.com.mx\/index.php?rest_route=\/wp\/v2\/types\/post"}],"author":[{"embeddable":true,"href":"https:\/\/encuentroinformativo.com.mx\/index.php?rest_route=\/wp\/v2\/users\/1"}],"replies":[{"embeddable":true,"href":"https:\/\/encuentroinformativo.com.mx\/index.php?rest_route=%2Fwp%2Fv2%2Fcomments&post=18539"}],"version-history":[{"count":1,"href":"https:\/\/encuentroinformativo.com.mx\/index.php?rest_route=\/wp\/v2\/posts\/18539\/revisions"}],"predecessor-version":[{"id":18540,"href":"https:\/\/encuentroinformativo.com.mx\/index.php?rest_route=\/wp\/v2\/posts\/18539\/revisions\/18540"}],"wp:featuredmedia":[{"embeddable":true,"href":"https:\/\/encuentroinformativo.com.mx\/index.php?rest_route=\/wp\/v2\/media\/387"}],"wp:attachment":[{"href":"https:\/\/encuentroinformativo.com.mx\/index.php?rest_route=%2Fwp%2Fv2%2Fmedia&parent=18539"}],"wp:term":[{"taxonomy":"category","embeddable":true,"href":"https:\/\/encuentroinformativo.com.mx\/index.php?rest_route=%2Fwp%2Fv2%2Fcategories&post=18539"},{"taxonomy":"post_tag","embeddable":true,"href":"https:\/\/encuentroinformativo.com.mx\/index.php?rest_route=%2Fwp%2Fv2%2Ftags&post=18539"}],"curies":[{"name":"wp","href":"https:\/\/api.w.org\/{rel}","templated":true}]}}