{"id":18543,"date":"2021-09-20T10:13:04","date_gmt":"2021-09-20T15:13:04","guid":{"rendered":"https:\/\/encuentroinformativo.com.mx\/?p=18543"},"modified":"2021-09-20T10:13:07","modified_gmt":"2021-09-20T15:13:07","slug":"padres-demandan-atencion-en-primaria-de-papantla","status":"publish","type":"post","link":"https:\/\/encuentroinformativo.com.mx\/?p=18543","title":{"rendered":"Padres demandan atenci\u00f3n en primaria de Papantla"},"content":{"rendered":"\n<p><strong>Juan Arcos<\/strong><\/p>\n\n\n\n<p>Xalapa, Ver.- Madres y padres de familia de la escuela primaria \u201cDonato M\u00e1rquez Azuara\u201d, municipio de Papantla, protestaron en las oficinas centrales de la Secretar\u00eda de Educaci\u00f3n de Veracruz (SEV), para exigir que sean atendidas varias peticiones.<\/p>\n\n\n\n<p>Las personas reclamaron el t\u00edtulo de propiedad que hab\u00eda sido retirado al plantel p\u00fablico para otorg\u00e1rselo a la escuela secundaria privada \u201cJorge de Castro Cancio\u201d.<\/p>\n\n\n\n<p>De acuerdo con V\u00edctor V\u00e1zquez Fern\u00e1ndez, uno de los manifestantes, las mam\u00e1s y pap\u00e1s est\u00e1n molestos porque a m\u00e1s de 100 a\u00f1os de haber sido fundada la escuela primaria no se le ha otorgado la escritura p\u00fablica.<\/p>\n\n\n\n<p>Lo anterior ha impedido que el plantel tenga acceso a apoyos del gobierno y de la SEV para el mejoramiento de la infraestructura educativa.<\/p>\n\n\n\n<p>La escuela se encuentra sobre la calle 16 de Septiembre n\u00famero 300, en el municipio de Papantla, al norte del estado de Veracruz.<\/p>\n\n\n\n<p>El entrevistado record\u00f3 que desde el 20 de septiembre de 2018 el inmueble fue donado a una escuela particular por parte del gobierno municipal.<\/p>\n\n\n\n<p>Se habla de 465 alumnos que est\u00e1n siendo afectados, de manera directa, por dicha situaci\u00f3n\u00a0\u201cexigimos a las autoridades que tomen cartas en el asunto, ya que denunciamos un tr\u00e1fico de influencias por haber otorgado este tipo de escrituras a una escuela privada\u201d, enfatiz\u00f3 V\u00e1zquez Fern\u00e1ndez.<br><\/p>\n\n\n\n<figure class=\"wp-block-image size-large\"><img loading=\"lazy\" decoding=\"async\" width=\"709\" height=\"443\" src=\"https:\/\/encuentroinformativo.com.mx\/wp-content\/uploads\/2021\/09\/FD091E22-1780-4CD4-A83D-E73D154F9AF2.jpeg\" alt=\"\" class=\"wp-image-18545\" srcset=\"https:\/\/encuentroinformativo.com.mx\/wp-content\/uploads\/2021\/09\/FD091E22-1780-4CD4-A83D-E73D154F9AF2.jpeg 709w, https:\/\/encuentroinformativo.com.mx\/wp-content\/uploads\/2021\/09\/FD091E22-1780-4CD4-A83D-E73D154F9AF2-300x187.jpeg 300w, https:\/\/encuentroinformativo.com.mx\/wp-content\/uploads\/2021\/09\/FD091E22-1780-4CD4-A83D-E73D154F9AF2-464x290.jpeg 464w\" sizes=\"auto, (max-width: 709px) 100vw, 709px\" \/><\/figure>\n","protected":false},"excerpt":{"rendered":"<p>Juan Arcos Xalapa, Ver.- Madres y padres de familia de la escuela primaria \u201cDonato M\u00e1rquez Azuara\u201d, municipio de Papantla, protestaron en las oficinas centrales de la Secretar\u00eda de Educaci\u00f3n de Veracruz (SEV), para exigir que sean atendidas varias peticiones. Las personas reclamaron el t\u00edtulo de propiedad que hab\u00eda sido retirado al plantel p\u00fablico para otorg\u00e1rselo [&hellip;]<\/p>\n","protected":false},"author":1,"featured_media":18544,"comment_status":"open","ping_status":"open","sticky":false,"template":"","format":"standard","meta":{"_jetpack_memberships_contains_paid_content":false,"footnotes":""},"categories":[2],"tags":[],"class_list":["post-18543","post","type-post","status-publish","format-standard","has-post-thumbnail","hentry","category-estado"],"jetpack_featured_media_url":"https:\/\/encuentroinformativo.com.mx\/wp-content\/uploads\/2021\/09\/C90B6B39-E4B0-4601-AFE0-4A9435E059F0.jpeg","jetpack_sharing_enabled":true,"jetpack_likes_enabled":true,"amp_enabled":true,"_links":{"self":[{"href":"https:\/\/encuentroinformativo.com.mx\/index.php?rest_route=\/wp\/v2\/posts\/18543","targetHints":{"allow":["GET"]}}],"collection":[{"href":"https:\/\/encuentroinformativo.com.mx\/index.php?rest_route=\/wp\/v2\/posts"}],"about":[{"href":"https:\/\/encuentroinformativo.com.mx\/index.php?rest_route=\/wp\/v2\/types\/post"}],"author":[{"embeddable":true,"href":"https:\/\/encuentroinformativo.com.mx\/index.php?rest_route=\/wp\/v2\/users\/1"}],"replies":[{"embeddable":true,"href":"https:\/\/encuentroinformativo.com.mx\/index.php?rest_route=%2Fwp%2Fv2%2Fcomments&post=18543"}],"version-history":[{"count":1,"href":"https:\/\/encuentroinformativo.com.mx\/index.php?rest_route=\/wp\/v2\/posts\/18543\/revisions"}],"predecessor-version":[{"id":18546,"href":"https:\/\/encuentroinformativo.com.mx\/index.php?rest_route=\/wp\/v2\/posts\/18543\/revisions\/18546"}],"wp:featuredmedia":[{"embeddable":true,"href":"https:\/\/encuentroinformativo.com.mx\/index.php?rest_route=\/wp\/v2\/media\/18544"}],"wp:attachment":[{"href":"https:\/\/encuentroinformativo.com.mx\/index.php?rest_route=%2Fwp%2Fv2%2Fmedia&parent=18543"}],"wp:term":[{"taxonomy":"category","embeddable":true,"href":"https:\/\/encuentroinformativo.com.mx\/index.php?rest_route=%2Fwp%2Fv2%2Fcategories&post=18543"},{"taxonomy":"post_tag","embeddable":true,"href":"https:\/\/encuentroinformativo.com.mx\/index.php?rest_route=%2Fwp%2Fv2%2Ftags&post=18543"}],"curies":[{"name":"wp","href":"https:\/\/api.w.org\/{rel}","templated":true}]}}