{"id":18549,"date":"2021-09-20T11:00:48","date_gmt":"2021-09-20T16:00:48","guid":{"rendered":"https:\/\/encuentroinformativo.com.mx\/?p=18549"},"modified":"2021-09-20T11:00:52","modified_gmt":"2021-09-20T16:00:52","slug":"docentes-denuncian-acoso-contra-supervisores-escolares","status":"publish","type":"post","link":"https:\/\/encuentroinformativo.com.mx\/?p=18549","title":{"rendered":"Docentes denuncian acoso contra supervisores escolares"},"content":{"rendered":"\n<p><strong>Dar\u00edo Pale <\/strong><\/p>\n\n\n\n<p>Xalapa, Ver.- Daniel Hern\u00e1ndez Del \u00c1ngel \u00a0vocero del Movimiento Magisterial Popular Veracruzano (MMPV), se manifest\u00f3 en la Secretar\u00eda de Educaci\u00f3n de Veracruz (SEV), dio a conocer que est\u00e1n acosando a los supervisores escolares adem\u00e1s de que contin\u00faan con el problema de las financieras.<\/p>\n\n\n\n<p>Entrevistado durante la manifestaci\u00f3n se\u00f1al\u00f3 que tienen varios temas con la SEV, pero el d\u00eda de hoy vienen a ver lo del tema del sector 15 de Ixhuatlan de Madero donde hab\u00eda acuerdo para que los docentes puedan laborar libremente con todas las condiciones en la jefaturas de sector pero estos no se han respetado.<\/p>\n\n\n\n<p>&#8220;Lo que pedimos solamente a es que nos den un espacio que se nos brinde la atenci\u00f3n y que los acuerdos que aqu\u00ed tomemos se respeten los compa\u00f1eros del Movimiento Magisterial son gente trabajadora, son gente que solo quiere un espacio para trabajar con los alumnos, hoy las condiciones tan dif\u00edciles que hay de la pandemia \u00a0ellos est\u00e1n laborando en las diferentes modalidades&#8221;, se\u00f1al\u00f3.<\/p>\n\n\n\n<p>Coment\u00f3 que no existe un plan bien dise\u00f1ado por parte de la autoridad que los acuerdos no se cumplen y hay acoso en contra de los supervisores escolares por parte del sindicato y la SEV no hace nada.<\/p>\n\n\n\n<p>Contin\u00faan con el problema de las financieras que les cometieron fraude, adem\u00e1s de las basificaciones que no les han dado, tambi\u00e9n tienen pagos de contratos de la zona ind\u00edgena que no se han dado entre otros muchos temas que tienen pendientes.<\/p>\n\n\n\n<p>Finalmente dio a conocer que no se hab\u00edan manifestado, pero el d\u00eda de hoy fue necesario que se manifiesten de forma pac\u00edfica, pero si no tienen respuesta tendr\u00e1n que tomar otras medidas, ya que no quieren solo platicar si no soluciones de verdad.\u00a0<\/p>\n","protected":false},"excerpt":{"rendered":"<p>Dar\u00edo Pale Xalapa, Ver.- Daniel Hern\u00e1ndez Del \u00c1ngel \u00a0vocero del Movimiento Magisterial Popular Veracruzano (MMPV), se manifest\u00f3 en la Secretar\u00eda de Educaci\u00f3n de Veracruz (SEV), dio a conocer que est\u00e1n acosando a los supervisores escolares adem\u00e1s de que contin\u00faan con el problema de las financieras. Entrevistado durante la manifestaci\u00f3n se\u00f1al\u00f3 que tienen varios temas con [&hellip;]<\/p>\n","protected":false},"author":1,"featured_media":18548,"comment_status":"open","ping_status":"open","sticky":false,"template":"","format":"standard","meta":{"_jetpack_memberships_contains_paid_content":false,"footnotes":""},"categories":[2],"tags":[],"class_list":["post-18549","post","type-post","status-publish","format-standard","has-post-thumbnail","hentry","category-estado"],"jetpack_featured_media_url":"https:\/\/encuentroinformativo.com.mx\/wp-content\/uploads\/2021\/09\/084E515E-4E86-4431-B7AE-61AB089EC4AD.jpeg","jetpack_sharing_enabled":true,"jetpack_likes_enabled":true,"amp_enabled":true,"_links":{"self":[{"href":"https:\/\/encuentroinformativo.com.mx\/index.php?rest_route=\/wp\/v2\/posts\/18549","targetHints":{"allow":["GET"]}}],"collection":[{"href":"https:\/\/encuentroinformativo.com.mx\/index.php?rest_route=\/wp\/v2\/posts"}],"about":[{"href":"https:\/\/encuentroinformativo.com.mx\/index.php?rest_route=\/wp\/v2\/types\/post"}],"author":[{"embeddable":true,"href":"https:\/\/encuentroinformativo.com.mx\/index.php?rest_route=\/wp\/v2\/users\/1"}],"replies":[{"embeddable":true,"href":"https:\/\/encuentroinformativo.com.mx\/index.php?rest_route=%2Fwp%2Fv2%2Fcomments&post=18549"}],"version-history":[{"count":1,"href":"https:\/\/encuentroinformativo.com.mx\/index.php?rest_route=\/wp\/v2\/posts\/18549\/revisions"}],"predecessor-version":[{"id":18550,"href":"https:\/\/encuentroinformativo.com.mx\/index.php?rest_route=\/wp\/v2\/posts\/18549\/revisions\/18550"}],"wp:featuredmedia":[{"embeddable":true,"href":"https:\/\/encuentroinformativo.com.mx\/index.php?rest_route=\/wp\/v2\/media\/18548"}],"wp:attachment":[{"href":"https:\/\/encuentroinformativo.com.mx\/index.php?rest_route=%2Fwp%2Fv2%2Fmedia&parent=18549"}],"wp:term":[{"taxonomy":"category","embeddable":true,"href":"https:\/\/encuentroinformativo.com.mx\/index.php?rest_route=%2Fwp%2Fv2%2Fcategories&post=18549"},{"taxonomy":"post_tag","embeddable":true,"href":"https:\/\/encuentroinformativo.com.mx\/index.php?rest_route=%2Fwp%2Fv2%2Ftags&post=18549"}],"curies":[{"name":"wp","href":"https:\/\/api.w.org\/{rel}","templated":true}]}}