{"id":1855,"date":"2020-04-15T13:07:35","date_gmt":"2020-04-15T18:07:35","guid":{"rendered":"https:\/\/encuentroinformativo.com\/?p=1855"},"modified":"2020-04-15T13:07:37","modified_gmt":"2020-04-15T18:07:37","slug":"confirman-primer-caso-de-covid-19-en-coatepec","status":"publish","type":"post","link":"https:\/\/encuentroinformativo.com.mx\/?p=1855","title":{"rendered":"Confirman primer caso de Covid-19 en Coatepec"},"content":{"rendered":"\n<p><strong>Juan Arcos<\/strong><\/p>\n\n\n\n<p>Coatepec, Ver.- El municipio de Coatepec cuenta ya con un caso confirmado de coronavirus y cinco sospechosos.<\/p>\n\n\n\n<p>El presidente municipal Luis Enrique Fern\u00e1ndez Peredo indic\u00f3 que la Secretar\u00eda de Salud de Veracruz est\u00e1 atendiendo y monitoreando estos casos.<\/p>\n\n\n\n<p>El edil destac\u00f3 que la Secretar\u00eda de Salud estima que por cada caso confirmado podr\u00edan existir ocho m\u00e1s no detectados.<\/p>\n\n\n\n<p>\u201cEs momento de redoblar esfuerzos manteniendo las medidas de prevenci\u00f3n, debemos de reducir lo mayor posible la movilidad en las calles, es por eso que insistimos #Qu\u00e9dateEnCasa, tenemos que cuidarnos y cuidar a nuestras familias\u201d, public\u00f3 en sus cuentas oficiales de redes sociales.<\/p>\n\n\n\n<p>En ese sentido, mencion\u00f3 que el ayuntamiento dar\u00e1 seguimiento al caso confirmado y a los cinco sospechosos.<\/p>\n\n\n\n<p>\u201cEstaremos muy pendientes de la informaci\u00f3n que nos env\u00ede la Secretar\u00eda de Salud de Veracruz respecto al caso confirmado y los sospechosos, estoy a la orden para responder cualquier duda o pregunta\u201d.<\/p>\n\n\n\n<p>Fern\u00e1ndez Peredo pidi\u00f3 a la poblaci\u00f3n su comprensi\u00f3n y su participaci\u00f3n en las medidas preventivas que aplique el ayuntamiento.<\/p>\n\n\n\n<p>El Departamento de Salud en coordinaci\u00f3n con Servicios Municipales y Protecci\u00f3n Civil de Coatepec llevaron a cabo el operativo de sanitizaci\u00f3n en el centro y el mercado \u201cMiguel Rebolledo\u201d para evitar la propagaci\u00f3n del coronavirus.<\/p>\n\n\n\n<p>Sin embargo, contin\u00faa observ\u00e1ndose mucho gente en diversas calles y negocios del Pueblo M\u00e1gico, as\u00ed como en las inmediaciones del mercado mencionado.<\/p>\n","protected":false},"excerpt":{"rendered":"<p>Juan Arcos Coatepec, Ver.- El municipio de Coatepec cuenta ya con un caso confirmado de coronavirus y cinco sospechosos. El presidente municipal Luis Enrique Fern\u00e1ndez Peredo indic\u00f3 que la Secretar\u00eda de Salud de Veracruz est\u00e1 atendiendo y monitoreando estos casos. El edil destac\u00f3 que la Secretar\u00eda de Salud estima que por cada caso confirmado podr\u00edan [&hellip;]<\/p>\n","protected":false},"author":1,"featured_media":1856,"comment_status":"open","ping_status":"open","sticky":false,"template":"","format":"standard","meta":{"_jetpack_memberships_contains_paid_content":false,"footnotes":""},"categories":[9],"tags":[],"class_list":["post-1855","post","type-post","status-publish","format-standard","has-post-thumbnail","hentry","category-salud"],"jetpack_featured_media_url":"https:\/\/encuentroinformativo.com.mx\/wp-content\/uploads\/2020\/04\/B24D909F-B319-4717-A72C-CEA70D435EE3.jpeg","jetpack_sharing_enabled":true,"jetpack_likes_enabled":true,"amp_enabled":true,"_links":{"self":[{"href":"https:\/\/encuentroinformativo.com.mx\/index.php?rest_route=\/wp\/v2\/posts\/1855","targetHints":{"allow":["GET"]}}],"collection":[{"href":"https:\/\/encuentroinformativo.com.mx\/index.php?rest_route=\/wp\/v2\/posts"}],"about":[{"href":"https:\/\/encuentroinformativo.com.mx\/index.php?rest_route=\/wp\/v2\/types\/post"}],"author":[{"embeddable":true,"href":"https:\/\/encuentroinformativo.com.mx\/index.php?rest_route=\/wp\/v2\/users\/1"}],"replies":[{"embeddable":true,"href":"https:\/\/encuentroinformativo.com.mx\/index.php?rest_route=%2Fwp%2Fv2%2Fcomments&post=1855"}],"version-history":[{"count":1,"href":"https:\/\/encuentroinformativo.com.mx\/index.php?rest_route=\/wp\/v2\/posts\/1855\/revisions"}],"predecessor-version":[{"id":1857,"href":"https:\/\/encuentroinformativo.com.mx\/index.php?rest_route=\/wp\/v2\/posts\/1855\/revisions\/1857"}],"wp:featuredmedia":[{"embeddable":true,"href":"https:\/\/encuentroinformativo.com.mx\/index.php?rest_route=\/wp\/v2\/media\/1856"}],"wp:attachment":[{"href":"https:\/\/encuentroinformativo.com.mx\/index.php?rest_route=%2Fwp%2Fv2%2Fmedia&parent=1855"}],"wp:term":[{"taxonomy":"category","embeddable":true,"href":"https:\/\/encuentroinformativo.com.mx\/index.php?rest_route=%2Fwp%2Fv2%2Fcategories&post=1855"},{"taxonomy":"post_tag","embeddable":true,"href":"https:\/\/encuentroinformativo.com.mx\/index.php?rest_route=%2Fwp%2Fv2%2Ftags&post=1855"}],"curies":[{"name":"wp","href":"https:\/\/api.w.org\/{rel}","templated":true}]}}